{"id":4071,"date":"2024-03-15T03:11:14","date_gmt":"2024-03-15T03:11:14","guid":{"rendered":"https:\/\/lavozdesanesteban.cl\/?p=4071"},"modified":"2024-03-15T03:11:15","modified_gmt":"2024-03-15T03:11:15","slug":"cinco-escuelas-municipales-de-san-esteban-son-reconocidas-con-excelencia-academica","status":"publish","type":"post","link":"https:\/\/lavozdesanesteban.cl\/index.php\/2024\/03\/15\/cinco-escuelas-municipales-de-san-esteban-son-reconocidas-con-excelencia-academica\/","title":{"rendered":"Cinco escuelas municipales de San Esteban son reconocidas con excelencia acad\u00e9mica"},"content":{"rendered":"\n<p><\/p>\n\n\n\n<ul><li>Los establecimientos educacionales que lograron recibir la subvenci\u00f3n del Sistema Nacional de Evaluaci\u00f3n de Desempe\u00f1o (SNED) fueron las escuelas B\u00e1sica Libertad, Mixta Lo Calvo, Hermano Fernando de la Fuente, Pablo Neruda y Silvio Zenteno.<\/li><\/ul>\n\n\n\n<p>En el marco de inicio del a\u00f1o escolar 2024, el Ministerio de Educaci\u00f3n entreg\u00f3 los resultados del Sistema Nacional de Evaluaci\u00f3n de Desempe\u00f1o (SNED), en donde la comuna de San Esteban obtuvo 5 adjudicaciones de un total de 12 establecimientos educacionales municipales, un logro m\u00e1s que significativo y que demuestra el excelente trabajo que realizan cientos de profesores y asistentes de la educaci\u00f3n en la comuna.<\/p>\n\n\n\n<p>Para contextualizar, el Sistema Nacional de Evaluaci\u00f3n de Desempe\u00f1o de Excelencia materializa este reconocimiento, por una parte, en categorizar al establecimiento educacional con \u201cExcelencia Acad\u00e9mica\u201d. Junto con ello, se entrega un beneficio econ\u00f3mico a profesores y asistentes de la educaci\u00f3n que se desempe\u00f1an en estas instituciones reconocidas de San Esteban.<\/p>\n\n\n\n<p>Las que obtuvieron este logro fueron las Escuelas B\u00e1sica Libertad, Pablo Neruda, Hermano Fernando de la Fuente y Silvio Zenteno, quienes lograron el 100% de esta excelencia, mientras que la Escuela Mixta Lo Calvo obtuvo un 60%.<\/p>\n\n\n\n<p>En ese sentido, la Encargada Comunal de UTP del Departamento de Educaci\u00f3n Municipal de la comuna, Ruth S\u00e1nchez, afirm\u00f3 que la idea es continuar trabajando para que, a\u00f1o a a\u00f1o m\u00e1s establecimientos puedan ser reconocidos: \u201cQueremos felicitar a los establecimientos que han obtenido la Excelencia Acad\u00e9mica, tanto a los directores, a los equipos de gesti\u00f3n y a la comunidad educativa, a sus docentes, asistentes de la educaci\u00f3n y todos quienes aportan en la educaci\u00f3n. Considero que d\u00eda a d\u00eda trabajan y mantienen la calidad del sistema educativo y como se\u00f1al\u00e9, estamos trabajando para que m\u00e1s establecimientos obtengan este reconocimiento\u201d, agreg\u00f3 la profesional de DAEM.<\/p>\n\n\n\n<figure class=\"wp-block-gallery columns-1 is-cropped\"><ul class=\"blocks-gallery-grid\"><li class=\"blocks-gallery-item\"><figure><img loading=\"lazy\" width=\"1024\" height=\"768\" src=\"https:\/\/lavozdesanesteban.cl\/wp-content\/uploads\/2024\/03\/ESTUDIANTES-SAN-ESTEBAN-1024x768.jpg\" alt=\"\" data-id=\"4073\" data-full-url=\"https:\/\/lavozdesanesteban.cl\/wp-content\/uploads\/2024\/03\/ESTUDIANTES-SAN-ESTEBAN.jpg\" data-link=\"https:\/\/lavozdesanesteban.cl\/?attachment_id=4073\" class=\"wp-image-4073\" srcset=\"https:\/\/lavozdesanesteban.cl\/wp-content\/uploads\/2024\/03\/ESTUDIANTES-SAN-ESTEBAN-1024x768.jpg 1024w, https:\/\/lavozdesanesteban.cl\/wp-content\/uploads\/2024\/03\/ESTUDIANTES-SAN-ESTEBAN-300x225.jpg 300w, https:\/\/lavozdesanesteban.cl\/wp-content\/uploads\/2024\/03\/ESTUDIANTES-SAN-ESTEBAN-768x576.jpg 768w, https:\/\/lavozdesanesteban.cl\/wp-content\/uploads\/2024\/03\/ESTUDIANTES-SAN-ESTEBAN.jpg 1280w\" sizes=\"(max-width: 1024px) 100vw, 1024px\" \/><\/figure><\/li><\/ul><\/figure>\n\n\n\n<p><strong>Resultados Simce 2023 en San Esteban<\/strong><\/p>\n\n\n\n<p>Durante el pasado mi\u00e9rcoles 6 de marzo, la Agencia de Calidad de la Educaci\u00f3n entreg\u00f3 de manera sorpresiva los resultados de las pruebas de Simce aplicadas durante el a\u00f1o 2023 a alumnos del pa\u00eds.<\/p>\n\n\n\n<p>Los ex\u00e1menes rendidos por estudiantes de 4\u00b0 b\u00e1sico y de 2\u00b0 a\u00f1o de ense\u00f1anza media del Liceo San Esteban, registraron un aumento respecto al a\u00f1o anterior.<\/p>\n\n\n\n<p>Precisamente, al realizar una comparaci\u00f3n, distribuidos seg\u00fan sus respectivos grupos socioecon\u00f3micos (GSE) con los puntajes registrados a nivel nacional, se observa que, en lenguaje (lectura), 5 establecimientos educacionales obtuvieron un mejor desempe\u00f1o que el promedio del pa\u00eds (272 pts.); mientras que en matem\u00e1ticas, donde hubo un promedio nacional de 259 pts., 4 establecimientos de la comuna presentaron resultados sobre esa puntuaci\u00f3n.<\/p>\n\n\n\n<p>Ante estos resultados, S\u00e1nchez coment\u00f3 que \u201cconsidero que lo primero que tenemos que relevar es que este ha sido un proceso despu\u00e9s de pandemia, en donde se ha llevado a cabo la reactivaci\u00f3n educativa y analizar c\u00f3mo cortar las brechas de aprendizaje, pero estamos bastantes contentos como comuna de San Esteban y Departamento de Educaci\u00f3n junto con la gesti\u00f3n de la administraci\u00f3n municipal por los resultados del SIMCE. La verdad es que de la totalidad de establecimientos que rindieron la evaluaci\u00f3n, podemos se\u00f1alar que al compararlos con los grupos socioecon\u00f3micos, que son los establecimientos de similares caracter\u00edsticas a los nuestros, siete de ellos han obtenido un puntaje sobre el promedio, tanto regional como nacional en lenguaje y matem\u00e1ticas\u201d, afirm\u00f3.<\/p>\n\n\n\n<p>Sin duda que ambos resultados son una excelente se\u00f1al de avance en la educaci\u00f3n de la comuna, en donde la administraci\u00f3n del alcalde Christian Ortega se ha puesto como uno de sus principales pilares ofrecer una educaci\u00f3n de calidad e integral para todos sus estudiantes.<\/p>\n","protected":false},"excerpt":{"rendered":"<p>Los establecimientos educacionales que lograron recibir la subvenci\u00f3n del Sistema Nacional de Evaluaci\u00f3n de Desempe\u00f1o (SNED) fueron las escuelas B\u00e1sica Libertad, Mixta Lo Calvo, Hermano Fernando de la Fuente, Pablo Neruda y Silvio Zenteno. En el marco de inicio del a\u00f1o escolar 2024, el Ministerio de Educaci\u00f3n entreg\u00f3 los resultados del Sistema Nacional de Evaluaci\u00f3n &hellip;<\/p>\n","protected":false},"author":2,"featured_media":4072,"comment_status":"open","ping_status":"open","sticky":false,"template":"","format":"standard","meta":{"spay_email":""},"categories":[2],"tags":[8],"jetpack_featured_media_url":"https:\/\/lavozdesanesteban.cl\/wp-content\/uploads\/2024\/03\/ESTUDIANTES-SAN-ESTEBAN-2.jpg","_links":{"self":[{"href":"https:\/\/lavozdesanesteban.cl\/index.php\/wp-json\/wp\/v2\/posts\/4071"}],"collection":[{"href":"https:\/\/lavozdesanesteban.cl\/index.php\/wp-json\/wp\/v2\/posts"}],"about":[{"href":"https:\/\/lavozdesanesteban.cl\/index.php\/wp-json\/wp\/v2\/types\/post"}],"author":[{"embeddable":true,"href":"https:\/\/lavozdesanesteban.cl\/index.php\/wp-json\/wp\/v2\/users\/2"}],"replies":[{"embeddable":true,"href":"https:\/\/lavozdesanesteban.cl\/index.php\/wp-json\/wp\/v2\/comments?post=4071"}],"version-history":[{"count":1,"href":"https:\/\/lavozdesanesteban.cl\/index.php\/wp-json\/wp\/v2\/posts\/4071\/revisions"}],"predecessor-version":[{"id":4074,"href":"https:\/\/lavozdesanesteban.cl\/index.php\/wp-json\/wp\/v2\/posts\/4071\/revisions\/4074"}],"wp:featuredmedia":[{"embeddable":true,"href":"https:\/\/lavozdesanesteban.cl\/index.php\/wp-json\/wp\/v2\/media\/4072"}],"wp:attachment":[{"href":"https:\/\/lavozdesanesteban.cl\/index.php\/wp-json\/wp\/v2\/media?parent=4071"}],"wp:term":[{"taxonomy":"category","embeddable":true,"href":"https:\/\/lavozdesanesteban.cl\/index.php\/wp-json\/wp\/v2\/categories?post=4071"},{"taxonomy":"post_tag","embeddable":true,"href":"https:\/\/lavozdesanesteban.cl\/index.php\/wp-json\/wp\/v2\/tags?post=4071"}],"curies":[{"name":"wp","href":"https:\/\/api.w.org\/{rel}","templated":true}]}}