{"id":4075,"date":"2024-03-15T03:13:29","date_gmt":"2024-03-15T03:13:29","guid":{"rendered":"https:\/\/lavozdesanesteban.cl\/?p=4075"},"modified":"2024-03-15T03:13:31","modified_gmt":"2024-03-15T03:13:31","slug":"estudiantes-de-calle-larga-reciben-el-nuevo-ano-escolar-en-festiva-ceremonia-de-bienvenida","status":"publish","type":"post","link":"https:\/\/lavozdesanesteban.cl\/index.php\/2024\/03\/15\/estudiantes-de-calle-larga-reciben-el-nuevo-ano-escolar-en-festiva-ceremonia-de-bienvenida\/","title":{"rendered":"Estudiantes de Calle Larga reciben el nuevo a\u00f1o escolar en festiva ceremonia de bienvenida"},"content":{"rendered":"\n<p><\/p>\n\n\n\n<p><a><\/a><strong><em>La celebraci\u00f3n, efectuada en la Escuela Cristo Redentor, fue un punto de encuentro entre las entidades educativas de la comuna donde prim\u00f3 el entusiasmo y la convicci\u00f3n para el 2024.<\/em><\/strong><\/p>\n\n\n\n<p><a><\/a>En una emocionante ceremonia con m\u00fasica en vivo, diversidad y entusiasta ambiente, la comunidad educativa de Calle Larga dio la bienvenida al nuevo a\u00f1o escolar 2024. Los establecimientos educacionales de la comuna se unieron para recibir este per\u00edodo en compa\u00f1\u00eda del alumnado, profesores\/as, autoridades locales y representantes de diversas espiritualidades. El evento transcurri\u00f3 en la Escuela Cristo Redentor y fue amenizado por la actuaci\u00f3n de la Orquesta Estudiantil de Calle Larga, el profesor folclorista Juan Atilio y sus conjunto de estudiantes m\u00fasicos y escolares bailando cuecas.<\/p>\n\n\n\n<p><a><\/a>Durante el encuentro acad\u00e9mico y social, la alcaldesa Dina Gonz\u00e1lez se\u00f1al\u00f3 que \u201cla educaci\u00f3n es uno de los ejes fundamentales de nuestra administraci\u00f3n. Hemos aumentado los recursos que el municipio invierte en esta materia, puesto que de cien millones de pesos anuales pasamos a seiscientos. Adem\u00e1s, desarrollamos diversos proyectos y una nueva beca con m\u00e1s fondos. Creemos en nuestras ni\u00f1as y ni\u00f1os para el futuro de nuestra comuna con educaci\u00f3n de calidad\u201d.<\/p>\n\n\n\n<p><a><\/a>Enviando un c\u00e1lido saludo a todas las comunidades educativas, la directora del Departamento de Administraci\u00f3n de Educaci\u00f3n Municipal (DAEM) de Calle Larga, Elisa Barraza, sostuvo que las instituciones educativas de la comuna ponen \u201ctodo su esfuerzo para entregar una educaci\u00f3n integral. Agradecemos a las familias por confiar en nuestra gesti\u00f3n. Tenemos muchos desaf\u00edos en los que seguiremos trabajando, con todo lo que est\u00e9 a nuestro alcance\u201d.<\/p>\n\n\n\n<p><a><\/a>Con felicidad y esperanza, Ivonne Trivi\u00f1o, directora de la Escuela Cristo Redentor, indic\u00f3 que las aulas recibieron a nuevos y nuevas alumnas que ser\u00e1n parte de la meta para \u201cmejorar los aprendizajes y conservar el sello de nuestra escuela mediante la m\u00fasica y el folclor con una mirada inclusiva\u201d.<\/p>\n","protected":false},"excerpt":{"rendered":"<p>La celebraci\u00f3n, efectuada en la Escuela Cristo Redentor, fue un punto de encuentro entre las entidades educativas de la comuna donde prim\u00f3 el entusiasmo y la convicci\u00f3n para el 2024. En una emocionante ceremonia con m\u00fasica en vivo, diversidad y entusiasta ambiente, la comunidad educativa de Calle Larga dio la bienvenida al nuevo a\u00f1o escolar &hellip;<\/p>\n","protected":false},"author":2,"featured_media":4076,"comment_status":"open","ping_status":"open","sticky":false,"template":"","format":"standard","meta":{"spay_email":""},"categories":[7],"tags":[8],"jetpack_featured_media_url":"https:\/\/lavozdesanesteban.cl\/wp-content\/uploads\/2024\/03\/CLASES-scaled.jpg","_links":{"self":[{"href":"https:\/\/lavozdesanesteban.cl\/index.php\/wp-json\/wp\/v2\/posts\/4075"}],"collection":[{"href":"https:\/\/lavozdesanesteban.cl\/index.php\/wp-json\/wp\/v2\/posts"}],"about":[{"href":"https:\/\/lavozdesanesteban.cl\/index.php\/wp-json\/wp\/v2\/types\/post"}],"author":[{"embeddable":true,"href":"https:\/\/lavozdesanesteban.cl\/index.php\/wp-json\/wp\/v2\/users\/2"}],"replies":[{"embeddable":true,"href":"https:\/\/lavozdesanesteban.cl\/index.php\/wp-json\/wp\/v2\/comments?post=4075"}],"version-history":[{"count":1,"href":"https:\/\/lavozdesanesteban.cl\/index.php\/wp-json\/wp\/v2\/posts\/4075\/revisions"}],"predecessor-version":[{"id":4077,"href":"https:\/\/lavozdesanesteban.cl\/index.php\/wp-json\/wp\/v2\/posts\/4075\/revisions\/4077"}],"wp:featuredmedia":[{"embeddable":true,"href":"https:\/\/lavozdesanesteban.cl\/index.php\/wp-json\/wp\/v2\/media\/4076"}],"wp:attachment":[{"href":"https:\/\/lavozdesanesteban.cl\/index.php\/wp-json\/wp\/v2\/media?parent=4075"}],"wp:term":[{"taxonomy":"category","embeddable":true,"href":"https:\/\/lavozdesanesteban.cl\/index.php\/wp-json\/wp\/v2\/categories?post=4075"},{"taxonomy":"post_tag","embeddable":true,"href":"https:\/\/lavozdesanesteban.cl\/index.php\/wp-json\/wp\/v2\/tags?post=4075"}],"curies":[{"name":"wp","href":"https:\/\/api.w.org\/{rel}","templated":true}]}}