{"id":4078,"date":"2024-03-15T03:18:43","date_gmt":"2024-03-15T03:18:43","guid":{"rendered":"https:\/\/lavozdesanesteban.cl\/?p=4078"},"modified":"2024-03-15T03:18:45","modified_gmt":"2024-03-15T03:18:45","slug":"sala-de-estimulacion-de-san-esteban-atiende-a-mas-de-100-ninas-y-ninos","status":"publish","type":"post","link":"https:\/\/lavozdesanesteban.cl\/index.php\/2024\/03\/15\/sala-de-estimulacion-de-san-esteban-atiende-a-mas-de-100-ninas-y-ninos\/","title":{"rendered":"Sala de Estimulaci\u00f3n de San Esteban atiende a m\u00e1s de 100 ni\u00f1as y ni\u00f1os"},"content":{"rendered":"\n<p><\/p>\n\n\n\n<ul><li>La sala se encuentra en la Av. 26 de diciembre, junto a la Oficina Local de la Ni\u00f1ez.<\/li><\/ul>\n\n\n\n<p>La sala de Estimulaci\u00f3n del Departamento de Salud de San Esteban ha brindado atenci\u00f3n a m\u00e1s de 100 ni\u00f1os desde durante los primeros 3 meses de este a\u00f1o, transform\u00e1ndose en una gran cifra que refleja el compromiso de los equipos y de la administraci\u00f3n municipal por promover el desarrollo integral de la infancia sanestebina.<\/p>\n\n\n\n<p>A lo largo de estos primeros meses, se han llevado a cabo sesiones de estimulaci\u00f3n en los cinco centros de salud del \u00e1rea, incluyendo Cesfam, Cecosf y Postas, garantizando as\u00ed que ning\u00fan ni\u00f1o se quede sin acceso a los servicios especializados para avanzar en su crecimiento y bienestar.<\/p>\n\n\n\n<p>\u201cEstamos tremendamente contentos realizando la primera evaluaci\u00f3n de los avances de nuestra sala de estimulaci\u00f3n, donde concurren ni\u00f1os y ni\u00f1as con sus padres y madres para realizar actividades educativas y de estimulaci\u00f3n integral que refuerzan varios aspectos del desarrollo infantil que son tremendamente significativos posteriormente en la etapa adulta. Nuestra sala a la fecha ya tiene m\u00e1s de 100 ni\u00f1os en atenciones y adem\u00e1s hemos organizado este proyecto de manera de llegar a los territorios, est\u00e1 funcionando en nuestras tres postas, adem\u00e1s en nuestro Cecosf, tanto en R\u00edo Colorado como en el Cari\u00f1o y Campos de Ahumada, y de esta manera estamos tratando de nivelar, de generar equidad y que todos los ni\u00f1os de nuestra comuna tengan acceso a este proceso educativo y de formaci\u00f3n tan significativo para aquellos que tengan alg\u00fan tipo de diagn\u00f3stico o trastorno de retraso o rezago del desarrollo a partir de sus controles infantiles\u201d, agreg\u00f3 el director del Departamento de Salud, Juan Antonio Lobos.<\/p>\n\n\n\n<p>La sala de Estimulaci\u00f3n de San Esteban se dedica a la atenci\u00f3n de usuarias y usuarios del programa Chile Crece Contigo y este logro resalta el esfuerzo coordinado del equipo de profesionales de la salud, quienes dedican su tiempo y experiencia para proporcionar un ambiente acogedor y terap\u00e9utico para cada ni\u00f1o y su familia. Adem\u00e1s, refleja la confianza y colaboraci\u00f3n de la comunidad, que reconoce la importancia de intervenir tempranamente en el desarrollo infantil.<\/p>\n\n\n\n<p>Actualmente, el equipo est\u00e1 compuesto por tres profesionales, educador de p\u00e1rvulos, terapeuta ocupacional y fonoaudi\u00f3loga, quienes tienden simult\u00e1neamente en el recinto. Adem\u00e1s, dos de las profesionales brindan apoyo, financiado por el municipio, a la primera agrupaci\u00f3n de personas neurodivergentes de la comuna, Neuroarco\u00edris.<\/p>\n","protected":false},"excerpt":{"rendered":"<p>La sala se encuentra en la Av. 26 de diciembre, junto a la Oficina Local de la Ni\u00f1ez. La sala de Estimulaci\u00f3n del Departamento de Salud de San Esteban ha brindado atenci\u00f3n a m\u00e1s de 100 ni\u00f1os desde durante los primeros 3 meses de este a\u00f1o, transform\u00e1ndose en una gran cifra que refleja el compromiso &hellip;<\/p>\n","protected":false},"author":2,"featured_media":4079,"comment_status":"open","ping_status":"open","sticky":false,"template":"","format":"standard","meta":{"spay_email":""},"categories":[2],"tags":[8],"jetpack_featured_media_url":"https:\/\/lavozdesanesteban.cl\/wp-content\/uploads\/2024\/03\/Sala-estimulacio\u0301n-San-Esteban-2-scaled.jpg","_links":{"self":[{"href":"https:\/\/lavozdesanesteban.cl\/index.php\/wp-json\/wp\/v2\/posts\/4078"}],"collection":[{"href":"https:\/\/lavozdesanesteban.cl\/index.php\/wp-json\/wp\/v2\/posts"}],"about":[{"href":"https:\/\/lavozdesanesteban.cl\/index.php\/wp-json\/wp\/v2\/types\/post"}],"author":[{"embeddable":true,"href":"https:\/\/lavozdesanesteban.cl\/index.php\/wp-json\/wp\/v2\/users\/2"}],"replies":[{"embeddable":true,"href":"https:\/\/lavozdesanesteban.cl\/index.php\/wp-json\/wp\/v2\/comments?post=4078"}],"version-history":[{"count":1,"href":"https:\/\/lavozdesanesteban.cl\/index.php\/wp-json\/wp\/v2\/posts\/4078\/revisions"}],"predecessor-version":[{"id":4080,"href":"https:\/\/lavozdesanesteban.cl\/index.php\/wp-json\/wp\/v2\/posts\/4078\/revisions\/4080"}],"wp:featuredmedia":[{"embeddable":true,"href":"https:\/\/lavozdesanesteban.cl\/index.php\/wp-json\/wp\/v2\/media\/4079"}],"wp:attachment":[{"href":"https:\/\/lavozdesanesteban.cl\/index.php\/wp-json\/wp\/v2\/media?parent=4078"}],"wp:term":[{"taxonomy":"category","embeddable":true,"href":"https:\/\/lavozdesanesteban.cl\/index.php\/wp-json\/wp\/v2\/categories?post=4078"},{"taxonomy":"post_tag","embeddable":true,"href":"https:\/\/lavozdesanesteban.cl\/index.php\/wp-json\/wp\/v2\/tags?post=4078"}],"curies":[{"name":"wp","href":"https:\/\/api.w.org\/{rel}","templated":true}]}}