{"id":4081,"date":"2024-03-20T02:30:27","date_gmt":"2024-03-20T02:30:27","guid":{"rendered":"https:\/\/lavozdesanesteban.cl\/?p=4081"},"modified":"2024-03-20T02:30:30","modified_gmt":"2024-03-20T02:30:30","slug":"se-celebraron-120-anos-del-monumento-cristo-redentor-entre-andinos-y-mendocinos","status":"publish","type":"post","link":"https:\/\/lavozdesanesteban.cl\/index.php\/2024\/03\/20\/se-celebraron-120-anos-del-monumento-cristo-redentor-entre-andinos-y-mendocinos\/","title":{"rendered":"Se celebraron 120 a\u00f1os del monumento Cristo Redentor entre andinos y mendocinos"},"content":{"rendered":"\n<p><\/p>\n\n\n\n<p>La monta\u00f1a y la frontera se visti\u00f3 de fiesta. Argentinos y chilenos, mendocinos y andinos celebraron un nuevo aniversario de la inauguraci\u00f3n del monumento al Cristo Redentor, que un 13 de marzo de 1904 sell\u00f3 la paz y amistad entre Chile y Argentina.<\/p>\n\n\n\n<p>La ma\u00f1ana del 16 de marzo se reunieron autoridades de ambos pa\u00edses, deportistas de trekking y ciclismo, adem\u00e1s de peregrinos, todos reunidos para celebrar un a\u00f1o m\u00e1s de la firma de este tratado de paz. Entre los participantes chilenos estuvieron presentes la Patrulla Aventureros de la Libertad, Fundaci\u00f3n Activa Ideas, Asociaci\u00f3n de Turismo Aconcagua AG y la Asociaci\u00f3n de gu\u00edas e Informadores Tur\u00edsticos.<\/p>\n\n\n\n<p>Francisco Lo Presti, Intendente del Departamento de las Heras, Mendoza, sostuvo que \u201cnos encontramos ac\u00e1 conmemorando 120 a\u00f1os de la llegada a este lugar majestuoso del Cristo, que viene a reservar y a custodiar algo que se propusieron en aquel momento los hermanos argentinos y chilenos que es la paz y de alguna manera ser ejemplo para el resto de la regi\u00f3n y el resto de Latinoam\u00e9rica\u201d.<\/p>\n\n\n\n<p>Para el alcalde Manuel Rivera, la ceremonia se hace con mucho cari\u00f1o \u201cpero por sobre todo con mucha solemnidad, siendo, en definitiva, un compromiso a seguir siendo garantes de la hermandad chileno-argentina. Sobre&nbsp; estas comunas que son hermanas, Las Heras por el lado argentino y Los Andes por el lado chileno. Esto nos compromete a seguir trabajando en temas importantes que tienen que ver con intercambio de micro emprendedores, del turismo, del deporte en la monta\u00f1a, pero por sobre todo de ser en definitiva los garantes de este legado que nos dejaron San Mart\u00edn y O\u00b4Higgins\u201d.<\/p>\n\n\n\n<p>Ignacio Aldana, patrullero de la Libertad coment\u00f3 que \u201ceste es un sue\u00f1o que ten\u00edamos hace hartos a\u00f1os, que ya que estaba durmiendo estas actividades binacionales y fuimos los impulsores para que nuestras autoridades se entusiasmaran. Fuimos un simple y humilde servidor y yo creo que ese es el lugar que merecemos como siempre ciudadanos, tratar siempre de hacer las cosas lo mejor posible para que nuestra ciudad quede con el nombre bien puesto y que seamos esa ciudad acogedora\u201d.<\/p>\n","protected":false},"excerpt":{"rendered":"<p>La monta\u00f1a y la frontera se visti\u00f3 de fiesta. Argentinos y chilenos, mendocinos y andinos celebraron un nuevo aniversario de la inauguraci\u00f3n del monumento al Cristo Redentor, que un 13 de marzo de 1904 sell\u00f3 la paz y amistad entre Chile y Argentina. La ma\u00f1ana del 16 de marzo se reunieron autoridades de ambos pa\u00edses, &hellip;<\/p>\n","protected":false},"author":2,"featured_media":4082,"comment_status":"open","ping_status":"open","sticky":false,"template":"","format":"standard","meta":{"spay_email":""},"categories":[7],"tags":[8],"jetpack_featured_media_url":"https:\/\/lavozdesanesteban.cl\/wp-content\/uploads\/2024\/03\/CRISTO.jpg","_links":{"self":[{"href":"https:\/\/lavozdesanesteban.cl\/index.php\/wp-json\/wp\/v2\/posts\/4081"}],"collection":[{"href":"https:\/\/lavozdesanesteban.cl\/index.php\/wp-json\/wp\/v2\/posts"}],"about":[{"href":"https:\/\/lavozdesanesteban.cl\/index.php\/wp-json\/wp\/v2\/types\/post"}],"author":[{"embeddable":true,"href":"https:\/\/lavozdesanesteban.cl\/index.php\/wp-json\/wp\/v2\/users\/2"}],"replies":[{"embeddable":true,"href":"https:\/\/lavozdesanesteban.cl\/index.php\/wp-json\/wp\/v2\/comments?post=4081"}],"version-history":[{"count":1,"href":"https:\/\/lavozdesanesteban.cl\/index.php\/wp-json\/wp\/v2\/posts\/4081\/revisions"}],"predecessor-version":[{"id":4083,"href":"https:\/\/lavozdesanesteban.cl\/index.php\/wp-json\/wp\/v2\/posts\/4081\/revisions\/4083"}],"wp:featuredmedia":[{"embeddable":true,"href":"https:\/\/lavozdesanesteban.cl\/index.php\/wp-json\/wp\/v2\/media\/4082"}],"wp:attachment":[{"href":"https:\/\/lavozdesanesteban.cl\/index.php\/wp-json\/wp\/v2\/media?parent=4081"}],"wp:term":[{"taxonomy":"category","embeddable":true,"href":"https:\/\/lavozdesanesteban.cl\/index.php\/wp-json\/wp\/v2\/categories?post=4081"},{"taxonomy":"post_tag","embeddable":true,"href":"https:\/\/lavozdesanesteban.cl\/index.php\/wp-json\/wp\/v2\/tags?post=4081"}],"curies":[{"name":"wp","href":"https:\/\/api.w.org\/{rel}","templated":true}]}}