{"id":4084,"date":"2024-03-20T02:32:42","date_gmt":"2024-03-20T02:32:42","guid":{"rendered":"https:\/\/lavozdesanesteban.cl\/?p=4084"},"modified":"2024-03-20T02:32:43","modified_gmt":"2024-03-20T02:32:43","slug":"pdi-desbarata-foco-de-microtrafico-en-los-andes-e-incauta-escopeta","status":"publish","type":"post","link":"https:\/\/lavozdesanesteban.cl\/index.php\/2024\/03\/20\/pdi-desbarata-foco-de-microtrafico-en-los-andes-e-incauta-escopeta\/","title":{"rendered":"PDI DESBARATA FOCO DE MICROTR\u00c1FICO EN LOS ANDES E INCAUTA ESCOPETA"},"content":{"rendered":"\n<p><\/p>\n\n\n\n<p>Detectives del Modelo Territorial Cero de la Brigada Antinarc\u00f3ticos y Contra el Crimen Organizado Los Andes, detuvieron a un sujeto de 35 a\u00f1os por infracci\u00f3n a la Ley de Drogas y de Armas.<\/p>\n\n\n\n<p>Los oficiales recepcionaron una denuncia a trav\u00e9s de la plataforma Denuncia Seguro, que daba cuenta que un hombre se dedicaba a la venta de sustancias il\u00edcitas en el sector c\u00e9ntrico de Los Andes.<\/p>\n\n\n\n<p>En un trabajo coordinado con la Fiscal\u00eda, la PDI efectu\u00f3 una entrada y registro a su domicilio, logrando incautar cannabis procesada, adem\u00e1s de una escopeta calibre 32, que utilizaba para protegerse de eventuales quitadas de droga.<\/p>\n\n\n\n<p>El imputado, con antecedentes policiales por el mismo delito, fue puesto a disposici\u00f3n del Juzgado de Garant\u00eda de la ciudad, de acuerdo a lo informado por el Jefe de la Brianco Los Andes, subprefecto Ronny Ibaceta. &nbsp;<\/p>\n","protected":false},"excerpt":{"rendered":"<p>Detectives del Modelo Territorial Cero de la Brigada Antinarc\u00f3ticos y Contra el Crimen Organizado Los Andes, detuvieron a un sujeto de 35 a\u00f1os por infracci\u00f3n a la Ley de Drogas y de Armas. Los oficiales recepcionaron una denuncia a trav\u00e9s de la plataforma Denuncia Seguro, que daba cuenta que un hombre se dedicaba a la &hellip;<\/p>\n","protected":false},"author":2,"featured_media":4085,"comment_status":"open","ping_status":"open","sticky":false,"template":"","format":"standard","meta":{"spay_email":""},"categories":[7],"tags":[8],"jetpack_featured_media_url":"https:\/\/lavozdesanesteban.cl\/wp-content\/uploads\/2024\/03\/ESCOPETA.jpeg","_links":{"self":[{"href":"https:\/\/lavozdesanesteban.cl\/index.php\/wp-json\/wp\/v2\/posts\/4084"}],"collection":[{"href":"https:\/\/lavozdesanesteban.cl\/index.php\/wp-json\/wp\/v2\/posts"}],"about":[{"href":"https:\/\/lavozdesanesteban.cl\/index.php\/wp-json\/wp\/v2\/types\/post"}],"author":[{"embeddable":true,"href":"https:\/\/lavozdesanesteban.cl\/index.php\/wp-json\/wp\/v2\/users\/2"}],"replies":[{"embeddable":true,"href":"https:\/\/lavozdesanesteban.cl\/index.php\/wp-json\/wp\/v2\/comments?post=4084"}],"version-history":[{"count":1,"href":"https:\/\/lavozdesanesteban.cl\/index.php\/wp-json\/wp\/v2\/posts\/4084\/revisions"}],"predecessor-version":[{"id":4086,"href":"https:\/\/lavozdesanesteban.cl\/index.php\/wp-json\/wp\/v2\/posts\/4084\/revisions\/4086"}],"wp:featuredmedia":[{"embeddable":true,"href":"https:\/\/lavozdesanesteban.cl\/index.php\/wp-json\/wp\/v2\/media\/4085"}],"wp:attachment":[{"href":"https:\/\/lavozdesanesteban.cl\/index.php\/wp-json\/wp\/v2\/media?parent=4084"}],"wp:term":[{"taxonomy":"category","embeddable":true,"href":"https:\/\/lavozdesanesteban.cl\/index.php\/wp-json\/wp\/v2\/categories?post=4084"},{"taxonomy":"post_tag","embeddable":true,"href":"https:\/\/lavozdesanesteban.cl\/index.php\/wp-json\/wp\/v2\/tags?post=4084"}],"curies":[{"name":"wp","href":"https:\/\/api.w.org\/{rel}","templated":true}]}}