{"id":4087,"date":"2024-03-20T02:35:21","date_gmt":"2024-03-20T02:35:21","guid":{"rendered":"https:\/\/lavozdesanesteban.cl\/?p=4087"},"modified":"2024-03-20T02:35:23","modified_gmt":"2024-03-20T02:35:23","slug":"alcaldesa-de-calle-larga-es-invitada-por-la-organizacion-mundial-de-la-salud-para-exponer-en-importante-reunion-que-se-realizara-en-ginebra-suiza","status":"publish","type":"post","link":"https:\/\/lavozdesanesteban.cl\/index.php\/2024\/03\/20\/alcaldesa-de-calle-larga-es-invitada-por-la-organizacion-mundial-de-la-salud-para-exponer-en-importante-reunion-que-se-realizara-en-ginebra-suiza\/","title":{"rendered":"Alcaldesa de Calle Larga es invitada por la Organizaci\u00f3n Mundial de la Salud para exponer en importante reuni\u00f3n que se realizar\u00e1 en Ginebra, Suiza"},"content":{"rendered":"\n<p><\/p>\n\n\n\n<p><strong>Junto a La Pintana, El Tabo y Perquenco, Calle Larga es una de las cuatro comunas del pa\u00eds, que participar\u00e1 en la \u201cReuni\u00f3n de Pa\u00edses Pioneros de la Iniciativa Especial para la Acci\u00f3n sobre los Determinantes Sociales para Avanzar&nbsp; la Equidad en Salud\u201d, actividad organizada por la OMS<\/strong><strong><\/strong><\/p>\n\n\n\n<p>&nbsp;&nbsp;&nbsp;&nbsp;&nbsp;&nbsp;&nbsp;&nbsp;&nbsp;&nbsp;&nbsp; \u00a1Buenas noticias para Calle Larga! La Organizaci\u00f3n Mundial de la Salud OMS, destac\u00f3 el importante trabajo realizado por la comuna en el \u00e1mbito de los Determinantes Sociales en Salud. Por esta raz\u00f3n la alcaldesa Dina Gonz\u00e1lez Alfaro fue invitada a participar en una reuni\u00f3n que durante la pr\u00f3xima semana se realizar\u00e1 en Ginebra Suiza, para que exponga sobre la experiencia que ella lidera en la comuna.<\/p>\n\n\n\n<p>&nbsp;&nbsp;&nbsp;&nbsp;&nbsp;&nbsp;&nbsp;&nbsp;&nbsp;&nbsp;&nbsp; \u201cEstamos felices por esta invitaci\u00f3n que la OMS nos ha hecho para destacar el trabajo de Calle Larga, este es un tremendo orgullo no s\u00f3lo para mi, sino que para las y los funcionarios municipales y habitantes de la comuna. Somos cuatro comunas de Chile las que viajamos a exponer el trabajo que realizamos en nuestra comuna y que en nuestro caso se ha puesto el foco en nosotros porque hemos desarrollado una forma de administraci\u00f3n distinta y que es centrada en las personas. Todo el quehacer del municipio est\u00e1 centrado en buscar mejorar la calidad de vida de todas las personas y eso es lo que se est\u00e1 destacando en esta importante reuni\u00f3n\u201d, sostuvo la alcaldesa Dina Gonz\u00e1lez.<\/p>\n\n\n\n<p>&nbsp;&nbsp;&nbsp;&nbsp;&nbsp;&nbsp;&nbsp;&nbsp;&nbsp;&nbsp;&nbsp; La Organizaci\u00f3n Mundial de la Salud define los Determinantes Sociales de la Salud (DSS) como \u00ablas circunstancias en que las personas nacen crecen, trabajan, viven y envejecen, incluido el conjunto m\u00e1s amplio de fuerzas y sistemas que influyen sobre las condiciones de la vida cotidiana\u00bb. En ese sentido Calle Larga desde hace unos a\u00f1os trabaja de forma intersectorial para promover estrategias que mejoren la salud de las comunidades a trav\u00e9s de acciones que involucran a todos los sectores, en nuestro caso municipales, para alcanzar mejores resultados de salud.<\/p>\n\n\n\n<p>&nbsp;&nbsp;&nbsp;&nbsp;&nbsp;&nbsp;&nbsp;&nbsp;&nbsp;&nbsp;&nbsp; La exposici\u00f3n de la alcaldesa en el encuentro denominado \u201cReuni\u00f3n de Pa\u00edses Pioneros de la Iniciativa Especial para la Acci\u00f3n sobre los Determinantes Sociales para Avanzar&nbsp; la Equidad en Salud\u201d, se realizar\u00e1 el mi\u00e9rcoles 20 de marzo, en la ciudad de Ginebra.<\/p>\n","protected":false},"excerpt":{"rendered":"<p>Junto a La Pintana, El Tabo y Perquenco, Calle Larga es una de las cuatro comunas del pa\u00eds, que participar\u00e1 en la \u201cReuni\u00f3n de Pa\u00edses Pioneros de la Iniciativa Especial para la Acci\u00f3n sobre los Determinantes Sociales para Avanzar&nbsp; la Equidad en Salud\u201d, actividad organizada por la OMS &nbsp;&nbsp;&nbsp;&nbsp;&nbsp;&nbsp;&nbsp;&nbsp;&nbsp;&nbsp;&nbsp; \u00a1Buenas noticias para Calle Larga! La &hellip;<\/p>\n","protected":false},"author":2,"featured_media":4088,"comment_status":"open","ping_status":"open","sticky":false,"template":"","format":"standard","meta":{"spay_email":""},"categories":[7],"tags":[8],"jetpack_featured_media_url":"https:\/\/lavozdesanesteban.cl\/wp-content\/uploads\/2024\/03\/Dina-Gonzalez.jpeg","_links":{"self":[{"href":"https:\/\/lavozdesanesteban.cl\/index.php\/wp-json\/wp\/v2\/posts\/4087"}],"collection":[{"href":"https:\/\/lavozdesanesteban.cl\/index.php\/wp-json\/wp\/v2\/posts"}],"about":[{"href":"https:\/\/lavozdesanesteban.cl\/index.php\/wp-json\/wp\/v2\/types\/post"}],"author":[{"embeddable":true,"href":"https:\/\/lavozdesanesteban.cl\/index.php\/wp-json\/wp\/v2\/users\/2"}],"replies":[{"embeddable":true,"href":"https:\/\/lavozdesanesteban.cl\/index.php\/wp-json\/wp\/v2\/comments?post=4087"}],"version-history":[{"count":1,"href":"https:\/\/lavozdesanesteban.cl\/index.php\/wp-json\/wp\/v2\/posts\/4087\/revisions"}],"predecessor-version":[{"id":4089,"href":"https:\/\/lavozdesanesteban.cl\/index.php\/wp-json\/wp\/v2\/posts\/4087\/revisions\/4089"}],"wp:featuredmedia":[{"embeddable":true,"href":"https:\/\/lavozdesanesteban.cl\/index.php\/wp-json\/wp\/v2\/media\/4088"}],"wp:attachment":[{"href":"https:\/\/lavozdesanesteban.cl\/index.php\/wp-json\/wp\/v2\/media?parent=4087"}],"wp:term":[{"taxonomy":"category","embeddable":true,"href":"https:\/\/lavozdesanesteban.cl\/index.php\/wp-json\/wp\/v2\/categories?post=4087"},{"taxonomy":"post_tag","embeddable":true,"href":"https:\/\/lavozdesanesteban.cl\/index.php\/wp-json\/wp\/v2\/tags?post=4087"}],"curies":[{"name":"wp","href":"https:\/\/api.w.org\/{rel}","templated":true}]}}