{"id":4090,"date":"2024-03-20T02:37:48","date_gmt":"2024-03-20T02:37:48","guid":{"rendered":"https:\/\/lavozdesanesteban.cl\/?p=4090"},"modified":"2024-03-20T02:37:49","modified_gmt":"2024-03-20T02:37:49","slug":"gestion-entre-municipio-y-buses-ahumada-permitira-retomar-viajes-desde-san-esteban-a-santiago","status":"publish","type":"post","link":"https:\/\/lavozdesanesteban.cl\/index.php\/2024\/03\/20\/gestion-entre-municipio-y-buses-ahumada-permitira-retomar-viajes-desde-san-esteban-a-santiago\/","title":{"rendered":"Gesti\u00f3n entre municipio y Buses Ahumada permitir\u00e1 retomar viajes desde San Esteban a Santiago"},"content":{"rendered":"\n<p><\/p>\n\n\n\n<ul><li>En principio, ser\u00e1 un recorrido diario, a las 06.20 de la ma\u00f1ana, de lunes a viernes, desde la plaza de armas hasta la capital.<\/li><\/ul>\n\n\n\n<p>Gracias a una gesti\u00f3n desarrollada entre el Municipio y Buses Ahumada, se retomar\u00e1n los viajes desde San Esteban hac\u00eda Santiago, para as\u00ed evitar que los vecinos, que trabajan o estudian, deban desplazarse a Los Andes para abordar su viaje.<\/p>\n\n\n\n<p>La medida se implementar\u00e1 a partir de este lunes 18 de marzo, con el recorrido de las 06.20 horas, desde la Plaza de Armas hasta el terrapuerto ubicado en Santiago Centro.<\/p>\n\n\n\n<p>El alcalde Christian Ortega manifest\u00f3 que, con esto, \u201ccontinuamos trabajando en descentralizar los servicios y atenciones, y nos permite apoyar a aquellos vecinos que deban viajar a Santiago a trabajar o estudiar. Para nosotros era importante retomar este recorrido, que debido a la pandemia se suspendi\u00f3 y que, afortunadamente, se implementar\u00e1 a partir de este lunes\u201d, se\u00f1al\u00f3.<\/p>\n\n\n\n<p>Por su parte, Javier Navarro, Jefe de operaciones de Buses Ahumada, afirm\u00f3 que \u201choy estamos concretando el inicio de los servicios de los buses desde San Esteban a Santiago. Fue un servicio que realizamos durante mucho tiempo y que hoy pudimos nuevamente retomar. Ser\u00e1 un bus directo que saldr\u00e1 desde la comuna, y que ser\u00e1 beneficioso para quienes trabajan, estudian o por temas m\u00e9dicos, viajan constantemente a Santiago\u201d, afirm\u00f3.<\/p>\n\n\n\n<p>Respecto a aumentar el n\u00famero de recorridos, ambas instituciones manifestaron que est\u00e1n estudiando la posibilidad pero que moment\u00e1neamente, se mantendr\u00e1 este viaje, de lunes a viernes.<\/p>\n","protected":false},"excerpt":{"rendered":"<p>En principio, ser\u00e1 un recorrido diario, a las 06.20 de la ma\u00f1ana, de lunes a viernes, desde la plaza de armas hasta la capital. Gracias a una gesti\u00f3n desarrollada entre el Municipio y Buses Ahumada, se retomar\u00e1n los viajes desde San Esteban hac\u00eda Santiago, para as\u00ed evitar que los vecinos, que trabajan o estudian, deban &hellip;<\/p>\n","protected":false},"author":2,"featured_media":4091,"comment_status":"open","ping_status":"open","sticky":false,"template":"","format":"standard","meta":{"spay_email":""},"categories":[2],"tags":[8],"jetpack_featured_media_url":"https:\/\/lavozdesanesteban.cl\/wp-content\/uploads\/2024\/03\/buses-ahumada-1.jpg","_links":{"self":[{"href":"https:\/\/lavozdesanesteban.cl\/index.php\/wp-json\/wp\/v2\/posts\/4090"}],"collection":[{"href":"https:\/\/lavozdesanesteban.cl\/index.php\/wp-json\/wp\/v2\/posts"}],"about":[{"href":"https:\/\/lavozdesanesteban.cl\/index.php\/wp-json\/wp\/v2\/types\/post"}],"author":[{"embeddable":true,"href":"https:\/\/lavozdesanesteban.cl\/index.php\/wp-json\/wp\/v2\/users\/2"}],"replies":[{"embeddable":true,"href":"https:\/\/lavozdesanesteban.cl\/index.php\/wp-json\/wp\/v2\/comments?post=4090"}],"version-history":[{"count":1,"href":"https:\/\/lavozdesanesteban.cl\/index.php\/wp-json\/wp\/v2\/posts\/4090\/revisions"}],"predecessor-version":[{"id":4092,"href":"https:\/\/lavozdesanesteban.cl\/index.php\/wp-json\/wp\/v2\/posts\/4090\/revisions\/4092"}],"wp:featuredmedia":[{"embeddable":true,"href":"https:\/\/lavozdesanesteban.cl\/index.php\/wp-json\/wp\/v2\/media\/4091"}],"wp:attachment":[{"href":"https:\/\/lavozdesanesteban.cl\/index.php\/wp-json\/wp\/v2\/media?parent=4090"}],"wp:term":[{"taxonomy":"category","embeddable":true,"href":"https:\/\/lavozdesanesteban.cl\/index.php\/wp-json\/wp\/v2\/categories?post=4090"},{"taxonomy":"post_tag","embeddable":true,"href":"https:\/\/lavozdesanesteban.cl\/index.php\/wp-json\/wp\/v2\/tags?post=4090"}],"curies":[{"name":"wp","href":"https:\/\/api.w.org\/{rel}","templated":true}]}}