{"id":4094,"date":"2024-04-02T02:41:25","date_gmt":"2024-04-02T02:41:25","guid":{"rendered":"https:\/\/lavozdesanesteban.cl\/?p=4094"},"modified":"2024-04-02T02:41:27","modified_gmt":"2024-04-02T02:41:27","slug":"exitosa-filan-2024-en-el-parque-urbano-de-los-andes-celebracion-de-tradicion-y-emprendimiento","status":"publish","type":"post","link":"https:\/\/lavozdesanesteban.cl\/index.php\/2024\/04\/02\/exitosa-filan-2024-en-el-parque-urbano-de-los-andes-celebracion-de-tradicion-y-emprendimiento\/","title":{"rendered":"Exitosa FILAN 2024 en el Parque Urbano de Los Andes: celebraci\u00f3n de tradici\u00f3n y emprendimiento"},"content":{"rendered":"\n<p><\/p>\n\n\n\n<p>La versi\u00f3n 46 de la Feria Internacional de Los Andes (FILAN) concluy\u00f3 el domingo 31 de marzo con un rotundo \u00e9xito, atrayendo a miles de visitantes tanto locales como provenientes de distintos puntos del pa\u00eds. Desde el jueves 28 de marzo, el Parque Urbano de Los Andes se convirti\u00f3 en el epicentro de la actividad, ofreciendo una amplia gama de panoramas para todas las edades e intereses.<\/p>\n\n\n\n<p>Nuevamente la Municipalidad de Los Andes se uni\u00f3 con la Junta de Adelanto de Los Andes para promover una tradicional actividad en la comuna. Con cerca de 200 expositores que abarcaron desde gastronom\u00eda hasta artesan\u00eda local, pasando por m\u00fasica en vivo y actividades culturales, la FILAN se consolid\u00f3 una vez m\u00e1s como uno de los eventos feriales m\u00e1s relevantes y longevos del pa\u00eds. El entusiasmo y la participaci\u00f3n activa de emprendedores, artistas y visitantes contribuyeron al ambiente festivo y acogedor que caracteriz\u00f3 esta edici\u00f3n.<\/p>\n\n\n\n<p>El alcalde Manuel Rivera expres\u00f3 su satisfacci\u00f3n por el \u00e9xito de la FILAN 2024, destacando la colaboraci\u00f3n entre la municipalidad y la Junta de Adelanto para hacer posible este evento. \u00abEstamos muy orgullosos y contentos. Los n\u00fameros son bastante positivos, con m\u00e1s de 200 emprendedores. La FILAN ha sido un espacio para la comunidad, una fiesta familiar que ha fortalecido los lazos entre los andinos y sus visitantes\u00bb, se\u00f1al\u00f3 Rivera.<\/p>\n\n\n\n<p>Entre los expositores, destacan testimonios de \u00e9xito y gratitud. Alejandra Calder\u00f3n, con su emprendimiento de confecciones en tela, comparti\u00f3 su experiencia positiva: \u00abEste a\u00f1o me ha ido mucho mejor que el a\u00f1o pasado. El lugar que nos toc\u00f3 ha sido muy bueno, con harta iluminaci\u00f3n, y la gente disfruta venir\u00bb. Natalia Le\u00f3n, proveniente de Villa Alemana, elogi\u00f3 el ambiente de la FILAN: \u00abTengo muchos clientes frecuentes que me buscan, as\u00ed que siempre es bueno. Buena m\u00fasica, buen ambiente, gratos vecinos, as\u00ed que muy agradable\u00bb.<\/p>\n\n\n\n<p>Por su parte Patricio Torres, expositor cervecero, dijo: \u201csoy el expositor de cerveza m\u00e1s antiguo de la FILAN, es una de las ferias que no falla. Est\u00e1 entretenida, m\u00e1s bonita, bien organizada, me gust\u00f3, la gente nos conoce y nos busca\u201d. En tanto V\u00edctor Morales, representante de vinos y derivados desde Rengo en la regi\u00f3n de O&#8217;Higgins, expres\u00f3 su felicidad por ser parte de esta prestigios evento: \u00abEstamos muy felices de poder participar en esta feria, una de las actividades m\u00e1s grandes que hay en la quinta regi\u00f3n. Realmente nos gusta much\u00edsimo venir por la gente, el sitio, la organizaci\u00f3n, todo bueno\u00bb.<\/p>\n","protected":false},"excerpt":{"rendered":"<p>La versi\u00f3n 46 de la Feria Internacional de Los Andes (FILAN) concluy\u00f3 el domingo 31 de marzo con un rotundo \u00e9xito, atrayendo a miles de visitantes tanto locales como provenientes de distintos puntos del pa\u00eds. Desde el jueves 28 de marzo, el Parque Urbano de Los Andes se convirti\u00f3 en el epicentro de la actividad, &hellip;<\/p>\n","protected":false},"author":2,"featured_media":4095,"comment_status":"open","ping_status":"open","sticky":false,"template":"","format":"standard","meta":{"spay_email":""},"categories":[7],"tags":[8],"jetpack_featured_media_url":"https:\/\/lavozdesanesteban.cl\/wp-content\/uploads\/2024\/04\/FILAN-scaled.jpg","_links":{"self":[{"href":"https:\/\/lavozdesanesteban.cl\/index.php\/wp-json\/wp\/v2\/posts\/4094"}],"collection":[{"href":"https:\/\/lavozdesanesteban.cl\/index.php\/wp-json\/wp\/v2\/posts"}],"about":[{"href":"https:\/\/lavozdesanesteban.cl\/index.php\/wp-json\/wp\/v2\/types\/post"}],"author":[{"embeddable":true,"href":"https:\/\/lavozdesanesteban.cl\/index.php\/wp-json\/wp\/v2\/users\/2"}],"replies":[{"embeddable":true,"href":"https:\/\/lavozdesanesteban.cl\/index.php\/wp-json\/wp\/v2\/comments?post=4094"}],"version-history":[{"count":1,"href":"https:\/\/lavozdesanesteban.cl\/index.php\/wp-json\/wp\/v2\/posts\/4094\/revisions"}],"predecessor-version":[{"id":4096,"href":"https:\/\/lavozdesanesteban.cl\/index.php\/wp-json\/wp\/v2\/posts\/4094\/revisions\/4096"}],"wp:featuredmedia":[{"embeddable":true,"href":"https:\/\/lavozdesanesteban.cl\/index.php\/wp-json\/wp\/v2\/media\/4095"}],"wp:attachment":[{"href":"https:\/\/lavozdesanesteban.cl\/index.php\/wp-json\/wp\/v2\/media?parent=4094"}],"wp:term":[{"taxonomy":"category","embeddable":true,"href":"https:\/\/lavozdesanesteban.cl\/index.php\/wp-json\/wp\/v2\/categories?post=4094"},{"taxonomy":"post_tag","embeddable":true,"href":"https:\/\/lavozdesanesteban.cl\/index.php\/wp-json\/wp\/v2\/tags?post=4094"}],"curies":[{"name":"wp","href":"https:\/\/api.w.org\/{rel}","templated":true}]}}