{"id":4097,"date":"2024-04-02T02:43:41","date_gmt":"2024-04-02T02:43:41","guid":{"rendered":"https:\/\/lavozdesanesteban.cl\/?p=4097"},"modified":"2024-04-02T02:43:43","modified_gmt":"2024-04-02T02:43:43","slug":"positiva-reunion-con-subsecretario-del-interior-por-expansion-del-puerto-terrestre","status":"publish","type":"post","link":"https:\/\/lavozdesanesteban.cl\/index.php\/2024\/04\/02\/positiva-reunion-con-subsecretario-del-interior-por-expansion-del-puerto-terrestre\/","title":{"rendered":"Positiva reuni\u00f3n con subsecretario del Interior por expansi\u00f3n del Puerto Terrestre"},"content":{"rendered":"\n<p><\/p>\n\n\n\n<p><em>El subsecretario del Interior, Manuel Monsalve anunci\u00f3 la decisi\u00f3n de avanzar con la ampliaci\u00f3n y modificaci\u00f3n del contrato del Puerto Terrestre, en reuni\u00f3n con el senador Francisco Chagu\u00e1n, el alcalde Manuel Rivera, la consejera regional, Edith Quiroz y el delegado presidencial provincial, Cristi\u00e1n Aravena.<\/em><\/p>\n\n\n\n<p>La ampliaci\u00f3n del Puerto Terrestre ha sido tema de gestiones y reuniones de autoridades de la regi\u00f3n y de la comuna de Los Andes. Han sido varias los cometidos que se han realizado y que han logrado, por fin, buenos resultados.<\/p>\n\n\n\n<p>En reuni\u00f3n de trabajo sostenido con el subsecretario del Interior, Manuel Monsalve junto al senador Francisco Chagu\u00e1n, el alcalde Manuel Rivera la consejera regional Edith Quiroz y el delegado presidencial provincial, Cristi\u00e1n Aravena se acord\u00f3 para el mes de abril el cierre del acuerdo en torno a las modificaciones t\u00e9cnicas de la concesi\u00f3n del Puerto Terrestre, entre el Ministerio de Obras P\u00fablicas y el Servicio Nacional de Aduanas.<\/p>\n\n\n\n<p>\u201cPrimero para mejorar el flujo que le interesa a todo el pa\u00eds, a trav\u00e9s del complejo fronterizo, pero tambi\u00e9n para resolver los problemas que afectan producto de la congesti\u00f3n a los ciudadanos de Los Andes. As\u00ed que estamos avanzando en esta tarea que nos ha planteado el alcalde, el senador, el Consejo Regional y por supuesto toda la regi\u00f3n de Valpara\u00edso\u201d, sostuvo la autoridad gubernamental.<\/p>\n\n\n\n<p>El senador Francisco Chagu\u00e1n dijo que \u201cel hito m\u00e1s importante es que se va a encargar durante el mes de abril cu\u00e1les van a ser las obras que se har\u00e1n y ser\u00e1n presupuestadas por la direcci\u00f3n del presupuesto para los efectos de establecer la ampliaci\u00f3n y el plazo de ampliaci\u00f3n de la concesi\u00f3n. Esta es una materia que hemos estado peleando durante mucho tiempo y que favorecer\u00e1 la seguridad, fundamentalmente va a descomprimir a Los Andes y San Felipe por el paso de camiones, pero adicionalmente le va a dar un alivio tambi\u00e9n a los vecinos del sector\u201d.<\/p>\n\n\n\n<p>El alcalde Manuel Rivera valor\u00f3 la decisi\u00f3n: \u201ceste es un trabajo que ya hab\u00edamos realizado el a\u00f1o 2023, que en conjunto con el senador Chagu\u00e1n le hab\u00edamos solicitado en definitiva de instalar el tema del crecimiento del puerto terrestre ac\u00e1, en La Moneda. Lo hemos dicho insistentemente, esto es m\u00e1s que un tema de un alcalde o de un delegado es un tema de Estado y ah\u00ed hab\u00edamos golpeado todas las puertas y por eso agradecemos la incorporaci\u00f3n de la consejera regional, Edith Quiroz, porque este es un tema que el gobierno regional. Lo que solicitamos durante los \u00faltimos a\u00f1os es la evaluaci\u00f3n t\u00e9cnica para efectos de la ampliaci\u00f3n de la concesi\u00f3n actual\u201d.<\/p>\n\n\n\n<p>Edith Quiroz, consejera regional coment\u00f3 que \u201ccomo gobierno regional hemos puesto a disposici\u00f3n a la empresa de ferrocarriles del Estado m\u00e1s de 350 millones de pesos para hacer un estudio y un diagn\u00f3stico de poder tener una intermodalidad desde el Puerto Terrestre hacia los distintos puertos de nuestra regi\u00f3n de Valpara\u00edso, esperamos tenerlo a fines de este semestre y poder ir colaborando tambi\u00e9n con esta parte tan importante de la regi\u00f3n. que es la puerta de entrada a Chile\u201d.<\/p>\n","protected":false},"excerpt":{"rendered":"<p>El subsecretario del Interior, Manuel Monsalve anunci\u00f3 la decisi\u00f3n de avanzar con la ampliaci\u00f3n y modificaci\u00f3n del contrato del Puerto Terrestre, en reuni\u00f3n con el senador Francisco Chagu\u00e1n, el alcalde Manuel Rivera, la consejera regional, Edith Quiroz y el delegado presidencial provincial, Cristi\u00e1n Aravena. La ampliaci\u00f3n del Puerto Terrestre ha sido tema de gestiones y &hellip;<\/p>\n","protected":false},"author":2,"featured_media":4098,"comment_status":"open","ping_status":"open","sticky":false,"template":"","format":"standard","meta":{"spay_email":""},"categories":[7],"tags":[8],"jetpack_featured_media_url":"https:\/\/lavozdesanesteban.cl\/wp-content\/uploads\/2024\/04\/PUERTO-TERRESTRE.jpeg","_links":{"self":[{"href":"https:\/\/lavozdesanesteban.cl\/index.php\/wp-json\/wp\/v2\/posts\/4097"}],"collection":[{"href":"https:\/\/lavozdesanesteban.cl\/index.php\/wp-json\/wp\/v2\/posts"}],"about":[{"href":"https:\/\/lavozdesanesteban.cl\/index.php\/wp-json\/wp\/v2\/types\/post"}],"author":[{"embeddable":true,"href":"https:\/\/lavozdesanesteban.cl\/index.php\/wp-json\/wp\/v2\/users\/2"}],"replies":[{"embeddable":true,"href":"https:\/\/lavozdesanesteban.cl\/index.php\/wp-json\/wp\/v2\/comments?post=4097"}],"version-history":[{"count":1,"href":"https:\/\/lavozdesanesteban.cl\/index.php\/wp-json\/wp\/v2\/posts\/4097\/revisions"}],"predecessor-version":[{"id":4099,"href":"https:\/\/lavozdesanesteban.cl\/index.php\/wp-json\/wp\/v2\/posts\/4097\/revisions\/4099"}],"wp:featuredmedia":[{"embeddable":true,"href":"https:\/\/lavozdesanesteban.cl\/index.php\/wp-json\/wp\/v2\/media\/4098"}],"wp:attachment":[{"href":"https:\/\/lavozdesanesteban.cl\/index.php\/wp-json\/wp\/v2\/media?parent=4097"}],"wp:term":[{"taxonomy":"category","embeddable":true,"href":"https:\/\/lavozdesanesteban.cl\/index.php\/wp-json\/wp\/v2\/categories?post=4097"},{"taxonomy":"post_tag","embeddable":true,"href":"https:\/\/lavozdesanesteban.cl\/index.php\/wp-json\/wp\/v2\/tags?post=4097"}],"curies":[{"name":"wp","href":"https:\/\/api.w.org\/{rel}","templated":true}]}}