{"id":4103,"date":"2024-04-02T02:49:10","date_gmt":"2024-04-02T02:49:10","guid":{"rendered":"https:\/\/lavozdesanesteban.cl\/?p=4103"},"modified":"2024-04-02T02:49:11","modified_gmt":"2024-04-02T02:49:11","slug":"municipio-de-san-esteban-habilito-dos-nuevos-programas-para-apoyar-a-la-comunidad-pondran-foco-en-inclusion-y-fomento-productivo","status":"publish","type":"post","link":"https:\/\/lavozdesanesteban.cl\/index.php\/2024\/04\/02\/municipio-de-san-esteban-habilito-dos-nuevos-programas-para-apoyar-a-la-comunidad-pondran-foco-en-inclusion-y-fomento-productivo\/","title":{"rendered":"Municipio de San Esteban habilit\u00f3 dos nuevos programas para apoyar a la comunidad: Pondr\u00e1n foco en inclusi\u00f3n y fomento productivo"},"content":{"rendered":"\n<p><\/p>\n\n\n\n<ul><li>Ambas prestaciones iniciaron este 2024 y realizar\u00e1n varias actividades durante el a\u00f1o.<\/li><\/ul>\n\n\n\n<p>Dos nuevos programas fueron habilitados por la Municipalidad de San Esteban para este 2024, que vendr\u00e1n a poner foco en&nbsp; inclusi\u00f3n y fomento productivo. La informaci\u00f3n fue confirmada por el Alcalde Christian Ortega, quien sostuvo que se busca continuar fortaleciendo el desarrollo social de la comuna para apoyar a todas y todos los vecinos.<\/p>\n\n\n\n<p>Los encargados de ambas oficinas ser\u00e1n los profesionales Rodrigo Mu\u00f1oz (Diversidad Funcional, gesti\u00f3n social y laboral inclusiva) y Karen B\u00e1ez (capacitaci\u00f3n, promoci\u00f3n al empleo y fomento productivo), quienes ya iniciaron gestiones ante instituciones y agrupaciones para dar a conocer estos nuevos dispositivos municipales.<\/p>\n\n\n\n<p>\u201cEsta es una gran noticia. Este 2024 comenzamos con dos nuevos programas municipales, que tendr\u00e1n puesto su objetivo en Inclusi\u00f3n y Fomento Productivo, lo que vendr\u00e1 a robustecer la respuesta del municipio a las necesidades de la comunidad. Sabemos que ser\u00e1n de gran ayuda para nuestras vecinas y vecinos. Con esto, continuamos fortaleciendo el trabajo municipal para dar respuesta a las necesidades de nuestra comunidad\u201d, afirm\u00f3 el jefe comunal.<\/p>\n\n\n\n<p>Por su parte, Rodrigo Mu\u00f1oz sostuvo que esta instancia estar\u00e1 enfocada, principalmente, en generar l\u00edneas de acci\u00f3n y apoyo a las personas en situaci\u00f3n de discapacidad: \u201cEste programa viene a fortalecer el trabajo de la oficina de discapacidad en materias de emprendimiento, accesibilidad universal, capacitaciones, trabajo, entre otros derechos de que tienen las personas con discapacidad. Por eso, hacemos un llamado a acercarse a la oficina de discapacidad, ubicada en DIDECO, e inscribirse en nuestros registros\u201d, afirm\u00f3.<\/p>\n\n\n\n<p>&nbsp;En tanto, Karen B\u00e1ez, inform\u00f3 que su programa se encauzar\u00e1 en poder satisfacer las necesidades de los emprendedores: \u201cQueremos apoyarlos en el acceso a la informaci\u00f3n, asesor\u00edas y asistencia desde el inicio y desarrollo de sus ideas de negocios. Buscamos promover el crecimiento de los negocios locales, ferias libres y emprendientos, ser un nexo entre el municipio y otros organismos estatales y, en resumen, brindar las herramientas necesarias para que puedan expandirse, desarrollarse\u201d, finaliz\u00f3.<\/p>\n","protected":false},"excerpt":{"rendered":"<p>Ambas prestaciones iniciaron este 2024 y realizar\u00e1n varias actividades durante el a\u00f1o. Dos nuevos programas fueron habilitados por la Municipalidad de San Esteban para este 2024, que vendr\u00e1n a poner foco en&nbsp; inclusi\u00f3n y fomento productivo. La informaci\u00f3n fue confirmada por el Alcalde Christian Ortega, quien sostuvo que se busca continuar fortaleciendo el desarrollo social &hellip;<\/p>\n","protected":false},"author":2,"featured_media":4104,"comment_status":"open","ping_status":"open","sticky":false,"template":"","format":"standard","meta":{"spay_email":""},"categories":[2],"tags":[8],"jetpack_featured_media_url":"https:\/\/lavozdesanesteban.cl\/wp-content\/uploads\/2024\/04\/nuevos-programas-municipales.jpg","_links":{"self":[{"href":"https:\/\/lavozdesanesteban.cl\/index.php\/wp-json\/wp\/v2\/posts\/4103"}],"collection":[{"href":"https:\/\/lavozdesanesteban.cl\/index.php\/wp-json\/wp\/v2\/posts"}],"about":[{"href":"https:\/\/lavozdesanesteban.cl\/index.php\/wp-json\/wp\/v2\/types\/post"}],"author":[{"embeddable":true,"href":"https:\/\/lavozdesanesteban.cl\/index.php\/wp-json\/wp\/v2\/users\/2"}],"replies":[{"embeddable":true,"href":"https:\/\/lavozdesanesteban.cl\/index.php\/wp-json\/wp\/v2\/comments?post=4103"}],"version-history":[{"count":1,"href":"https:\/\/lavozdesanesteban.cl\/index.php\/wp-json\/wp\/v2\/posts\/4103\/revisions"}],"predecessor-version":[{"id":4105,"href":"https:\/\/lavozdesanesteban.cl\/index.php\/wp-json\/wp\/v2\/posts\/4103\/revisions\/4105"}],"wp:featuredmedia":[{"embeddable":true,"href":"https:\/\/lavozdesanesteban.cl\/index.php\/wp-json\/wp\/v2\/media\/4104"}],"wp:attachment":[{"href":"https:\/\/lavozdesanesteban.cl\/index.php\/wp-json\/wp\/v2\/media?parent=4103"}],"wp:term":[{"taxonomy":"category","embeddable":true,"href":"https:\/\/lavozdesanesteban.cl\/index.php\/wp-json\/wp\/v2\/categories?post=4103"},{"taxonomy":"post_tag","embeddable":true,"href":"https:\/\/lavozdesanesteban.cl\/index.php\/wp-json\/wp\/v2\/tags?post=4103"}],"curies":[{"name":"wp","href":"https:\/\/api.w.org\/{rel}","templated":true}]}}