{"id":4106,"date":"2024-04-04T03:16:45","date_gmt":"2024-04-04T03:16:45","guid":{"rendered":"https:\/\/lavozdesanesteban.cl\/?p=4106"},"modified":"2024-04-04T03:16:47","modified_gmt":"2024-04-04T03:16:47","slug":"en-conmemoracion-del-dia-mundial-del-agua-san-esteban-realizo-multitudinario-pasacalle-escolar-por-la-comuna","status":"publish","type":"post","link":"https:\/\/lavozdesanesteban.cl\/index.php\/2024\/04\/04\/en-conmemoracion-del-dia-mundial-del-agua-san-esteban-realizo-multitudinario-pasacalle-escolar-por-la-comuna\/","title":{"rendered":"En conmemoraci\u00f3n del d\u00eda mundial del Agua, San Esteban realiz\u00f3 multitudinario pasacalle escolar por la comuna"},"content":{"rendered":"\n<p><\/p>\n\n\n\n<ul><li>Esta actividad logr\u00f3 congregar a m\u00e1s de 600 estudiantes, quienes marcharon por la comuna para concientizar el cuidado del recurso h\u00eddrico.<\/li><\/ul>\n\n\n\n<p>Con gran \u00e9xito se desarroll\u00f3 la conocida \u201cMarcha del Agua\u201d escolar de San Esteban, evento organizado por el Departamento de Educaci\u00f3n Municipal de San Esteban, a trav\u00e9s de sus redes de ciencias y artes, logrando congregar a m\u00e1s de 600 estudiantes, padres y educadores en ocasi\u00f3n a la conmemoraci\u00f3n del D\u00eda Mundial del Agua.<\/p>\n\n\n\n<p>Esta actividad, tiene como objetivo concientizar a las comunidades sobre la protecci\u00f3n y conservaci\u00f3n de este vital recurso para la vida en el planeta.<\/p>\n\n\n\n<p>El evento inici\u00f3 con un colorido recorrido, que cont\u00f3 con la participaci\u00f3n de estudiantes los doce establecimientos educacionales de la comuna de diferentes cursos, quienes confeccionaron art\u00edculos y afiches con motivo del cuidado del agua, iniciando en la calle La Uni\u00f3n, prosiguieron por Avenida 26 de Diciembre, hasta la calle Teodoro Zenteno, para luego finalizar en la plaza de Armas de la comuna, donde fueron recibidos por el alcalde Christian Ortega y los concejales Marian Leiva y Rafael Reyes, quienes felicitaron y valoraron a las comunidades educativas y al Departamento de Educaci\u00f3n Municipal por el trabajo y de poder llevar a cabo esta actividad.<\/p>\n\n\n\n<p>En voz de los estudiantes, esta iniciativa permite generar conciencia respecto a la situaci\u00f3n actual del valle respecto a la crisis h\u00eddrica y promover el cuidado del vital elemento: \u201cMe parece bien. Fue una actividad realizada para sensibilizar a las personas que no cuidan el agua. Este recurso hay que cuidarlo y si se gasta, podemos morir\u201d; \u201cA m\u00ed me pareci\u00f3 una actividad muy bonita, el poder participar en la Marcha del Agua y promover el cuidado del agua, ya que hay mucha gente que ha estado desperdiciando este recurso y lo pudimos apreciar cuando \u00edbamos en la caminata y espero que se vuelva a hacer estas actividades y seguir apoyando a la comunidad\u201d, fueron algunas de las declaraciones de los participantes.<\/p>\n\n\n\n<p>\u201cFue una actividad muy buena, en mi opini\u00f3n, el poder caminar y demostrarle a las personas que tienen que cuidar el agua y que no se acabe\u201d; \u201cMe parece que genial la marcha y estaba muy divertida lo que hicimos con mis compa\u00f1eros y las dem\u00e1s escuelas\u201d; \u201cFue algo muy divertido porque pudimos compartir con mis compa\u00f1eros y amigos y fue algo muy entretenido\u201d, finalizaron.<\/p>\n","protected":false},"excerpt":{"rendered":"<p>Esta actividad logr\u00f3 congregar a m\u00e1s de 600 estudiantes, quienes marcharon por la comuna para concientizar el cuidado del recurso h\u00eddrico. Con gran \u00e9xito se desarroll\u00f3 la conocida \u201cMarcha del Agua\u201d escolar de San Esteban, evento organizado por el Departamento de Educaci\u00f3n Municipal de San Esteban, a trav\u00e9s de sus redes de ciencias y artes, &hellip;<\/p>\n","protected":false},"author":2,"featured_media":4107,"comment_status":"open","ping_status":"open","sticky":false,"template":"","format":"standard","meta":{"spay_email":""},"categories":[2],"tags":[8],"jetpack_featured_media_url":"https:\/\/lavozdesanesteban.cl\/wp-content\/uploads\/2024\/04\/MARCHA-DEL-AGUA-scaled.jpg","_links":{"self":[{"href":"https:\/\/lavozdesanesteban.cl\/index.php\/wp-json\/wp\/v2\/posts\/4106"}],"collection":[{"href":"https:\/\/lavozdesanesteban.cl\/index.php\/wp-json\/wp\/v2\/posts"}],"about":[{"href":"https:\/\/lavozdesanesteban.cl\/index.php\/wp-json\/wp\/v2\/types\/post"}],"author":[{"embeddable":true,"href":"https:\/\/lavozdesanesteban.cl\/index.php\/wp-json\/wp\/v2\/users\/2"}],"replies":[{"embeddable":true,"href":"https:\/\/lavozdesanesteban.cl\/index.php\/wp-json\/wp\/v2\/comments?post=4106"}],"version-history":[{"count":1,"href":"https:\/\/lavozdesanesteban.cl\/index.php\/wp-json\/wp\/v2\/posts\/4106\/revisions"}],"predecessor-version":[{"id":4108,"href":"https:\/\/lavozdesanesteban.cl\/index.php\/wp-json\/wp\/v2\/posts\/4106\/revisions\/4108"}],"wp:featuredmedia":[{"embeddable":true,"href":"https:\/\/lavozdesanesteban.cl\/index.php\/wp-json\/wp\/v2\/media\/4107"}],"wp:attachment":[{"href":"https:\/\/lavozdesanesteban.cl\/index.php\/wp-json\/wp\/v2\/media?parent=4106"}],"wp:term":[{"taxonomy":"category","embeddable":true,"href":"https:\/\/lavozdesanesteban.cl\/index.php\/wp-json\/wp\/v2\/categories?post=4106"},{"taxonomy":"post_tag","embeddable":true,"href":"https:\/\/lavozdesanesteban.cl\/index.php\/wp-json\/wp\/v2\/tags?post=4106"}],"curies":[{"name":"wp","href":"https:\/\/api.w.org\/{rel}","templated":true}]}}