{"id":4113,"date":"2024-04-12T04:18:33","date_gmt":"2024-04-12T04:18:33","guid":{"rendered":"https:\/\/lavozdesanesteban.cl\/?p=4113"},"modified":"2024-04-12T04:18:37","modified_gmt":"2024-04-12T04:18:37","slug":"municipio-de-san-esteban-reforzo-su-compromiso-con-la-agrupacion-neuroarcoiris-a-un-ano-de-su-conformacion","status":"publish","type":"post","link":"https:\/\/lavozdesanesteban.cl\/index.php\/2024\/04\/12\/municipio-de-san-esteban-reforzo-su-compromiso-con-la-agrupacion-neuroarcoiris-a-un-ano-de-su-conformacion\/","title":{"rendered":"Municipio de San Esteban reforz\u00f3 su compromiso con la agrupaci\u00f3n \u201cNeuroarcoiris\u201d a un a\u00f1o de su conformaci\u00f3n"},"content":{"rendered":"\n<p><\/p>\n\n\n\n<ul><li>Durante la celebraci\u00f3n de su aniversario, junto con informar sobre las atenciones preferenciales constantes que realiza el Departamento de Salud Municipal en su sala de estimulaci\u00f3n, el alcalde Christian Ortega se\u00f1al\u00f3 que se establecer\u00e1 de un sector en el cesfam especializado en la atenci\u00f3n a la neurodivergencia.&nbsp;<\/li><\/ul>\n\n\n\n<p>La primera agrupaci\u00f3n que atiende la neurodiversidad en San Esteban \u201cNeuroarcoiris\u201d, celebr\u00f3 un a\u00f1o desde su conformaci\u00f3n, ocasi\u00f3n en que agradecieron&nbsp; y valoraron el fundamental apoyo y colaboraci\u00f3n del municipio de San Esteban y de su Departamento de Salud en la atenci\u00f3n de las ni\u00f1as y ni\u00f1os que pertenecen a esta agrupaci\u00f3n.<\/p>\n\n\n\n<p>Entre las acciones que han logrado materializar, destaca la labor de los equipos de terapeuta ocupacional y fonoaudi\u00f3loga de la sala de estimulaci\u00f3n de la comuna, quienes han mantenido una constante colaboraci\u00f3n, preocupaci\u00f3n y en la entrega de cuidados.<\/p>\n\n\n\n<p>\u201cSi no hubiese sido por este como convenio que tenemos con la sala de estimulaci\u00f3n, la verdad es que muchos ni\u00f1os de la agrupaci\u00f3n no tendr\u00edan acceso a terapia ocupacional y fonoaudiolog\u00eda. Eso ha sido un gran alivio para el bolsillo econ\u00f3mico que en estos tiempos no est\u00e1 para nadie y un alivio m\u00e1s que nada emocional porque nos quita una carga de tener que estar pensando d\u00f3nde llevar a nuestros hijos\u2026 Regularmente los ni\u00f1os con espectro autista no tienen este acceso a seguir en terapia, entonces que se haya hecho esto extensivo ha sido totalmente gratificante para nosotros como agrupaci\u00f3n\u201d, coment\u00f3 Karina Quintana, presidenta de la agrupaci\u00f3n \u201cNeuroarcoiris de San Esteban.<\/p>\n\n\n\n<p>Estas atenciones actualmente est\u00e1n siendo recibidas por 10 ni\u00f1os y ni\u00f1as de la agrupaci\u00f3n \u201cNeuroarcoiris\u201d, quienes pueden asistir a terapias y tratamientos gratuitamente con un horario protegido dedicado exclusivamente para ellos. All\u00ed, son derivados por el equipo de la agrupaci\u00f3n, considerando la urgencia y la necesidad de terapia de cada uno de los integrantes.<\/p>\n\n\n\n<p>En ese contexto, el alcalde Christian Ortega reforz\u00f3 el compromiso de la actual administraci\u00f3n a seguir colaborando y apoyando constantemente a la agrupaci\u00f3n como lo ha hecho hasta el momento. \u201cHoy estamos muy contentos como municipalidad de celebrar en conjunto con las familias un a\u00f1o de Neuroarcoiris, algo tan importante porque habla cierto de abrir espacios a los ni\u00f1os y ni\u00f1as y en general a todas las familias que tienen la neurodiversidad como parte de ellos. Felicito y agradezco tambi\u00e9n el trabajo que hacen y los compromisos siguen en pie como les dije, seguir apoy\u00e1ndolos, seguir abriendo m\u00e1s espacios y esperamos cuando inauguremos el nuevos Cesfam, en el que est\u00e1 en Glorias Navales tambi\u00e9n poder ah\u00ed generar un espacio especial para todos los ni\u00f1os y ni\u00f1as de esta agrupaci\u00f3n e invitar a la gente a que pueda ser parte, se pueda acercar, que puedan participar, yo creo que el desaf\u00edo es seguir creciendo y tenemos muchas m\u00e1s cosas que hacer\u201d, agreg\u00f3 el alcalde Christian Ortega en el aniversario de la agrupaci\u00f3n.<\/p>\n","protected":false},"excerpt":{"rendered":"<p>Durante la celebraci\u00f3n de su aniversario, junto con informar sobre las atenciones preferenciales constantes que realiza el Departamento de Salud Municipal en su sala de estimulaci\u00f3n, el alcalde Christian Ortega se\u00f1al\u00f3 que se establecer\u00e1 de un sector en el cesfam especializado en la atenci\u00f3n a la neurodivergencia.&nbsp; La primera agrupaci\u00f3n que atiende la neurodiversidad en &hellip;<\/p>\n","protected":false},"author":2,"featured_media":4114,"comment_status":"open","ping_status":"open","sticky":false,"template":"","format":"standard","meta":{"spay_email":""},"categories":[2],"tags":[8],"jetpack_featured_media_url":"https:\/\/lavozdesanesteban.cl\/wp-content\/uploads\/2024\/04\/NEURO-scaled.jpg","_links":{"self":[{"href":"https:\/\/lavozdesanesteban.cl\/index.php\/wp-json\/wp\/v2\/posts\/4113"}],"collection":[{"href":"https:\/\/lavozdesanesteban.cl\/index.php\/wp-json\/wp\/v2\/posts"}],"about":[{"href":"https:\/\/lavozdesanesteban.cl\/index.php\/wp-json\/wp\/v2\/types\/post"}],"author":[{"embeddable":true,"href":"https:\/\/lavozdesanesteban.cl\/index.php\/wp-json\/wp\/v2\/users\/2"}],"replies":[{"embeddable":true,"href":"https:\/\/lavozdesanesteban.cl\/index.php\/wp-json\/wp\/v2\/comments?post=4113"}],"version-history":[{"count":1,"href":"https:\/\/lavozdesanesteban.cl\/index.php\/wp-json\/wp\/v2\/posts\/4113\/revisions"}],"predecessor-version":[{"id":4115,"href":"https:\/\/lavozdesanesteban.cl\/index.php\/wp-json\/wp\/v2\/posts\/4113\/revisions\/4115"}],"wp:featuredmedia":[{"embeddable":true,"href":"https:\/\/lavozdesanesteban.cl\/index.php\/wp-json\/wp\/v2\/media\/4114"}],"wp:attachment":[{"href":"https:\/\/lavozdesanesteban.cl\/index.php\/wp-json\/wp\/v2\/media?parent=4113"}],"wp:term":[{"taxonomy":"category","embeddable":true,"href":"https:\/\/lavozdesanesteban.cl\/index.php\/wp-json\/wp\/v2\/categories?post=4113"},{"taxonomy":"post_tag","embeddable":true,"href":"https:\/\/lavozdesanesteban.cl\/index.php\/wp-json\/wp\/v2\/tags?post=4113"}],"curies":[{"name":"wp","href":"https:\/\/api.w.org\/{rel}","templated":true}]}}