{"id":4116,"date":"2024-04-12T04:21:08","date_gmt":"2024-04-12T04:21:08","guid":{"rendered":"https:\/\/lavozdesanesteban.cl\/?p=4116"},"modified":"2024-04-12T04:21:12","modified_gmt":"2024-04-12T04:21:12","slug":"municipio-de-san-esteban-realizo-intenso-operativo-de-poda-y-limpieza-nocturna-en-avenida-alessandri","status":"publish","type":"post","link":"https:\/\/lavozdesanesteban.cl\/index.php\/2024\/04\/12\/municipio-de-san-esteban-realizo-intenso-operativo-de-poda-y-limpieza-nocturna-en-avenida-alessandri\/","title":{"rendered":"Municipio de San Esteban realiz\u00f3 intenso operativo de poda y limpieza nocturna en Avenida Alessandri"},"content":{"rendered":"\n<p><\/p>\n\n\n\n<ul><li>Como labor preventiva del Plan Invierno, los equipos municipales trabajaron en el retiro de ramas y \u00e1rboles en mal estado, a fin de evitar ca\u00eddas y mejorar las condiciones de iluminaci\u00f3n para peatones, automovilistas y ciclistas.<\/li><\/ul>\n\n\n\n<p>Con el objetivo de desarrollar un trabajo preventivo y para mejorar la iluminaci\u00f3n de la v\u00eda, el municipio de San Esteban desarroll\u00f3 un intenso operativo de poda y limpieza nocturno en Avenida Alessandri, espec\u00edficamente, en la subida Los Ciruelos.<\/p>\n\n\n\n<p>La iniciativa const\u00f3 de la intervenci\u00f3n de \u00e1rboles de gran altura para evitar la ca\u00edda de ramas y el despeje de las ciclov\u00edas, todo esto en el marco del Plan Invierno 2024.<\/p>\n\n\n\n<p>En esa l\u00ednea, el alcalde Christian Ortega manifest\u00f3 que \u201ceste operativo, tiene como principal misi\u00f3n evitar situaciones de riesgo debido a las lluvias o vientos que se provoquen en las pr\u00f3ximas semanas que, principalmente, pueda afectar a las ramas o \u00e1rboles que se encuentran en mal estado\u201d, apunt\u00f3.<\/p>\n\n\n\n<p>En esa misma l\u00ednea, la autoridad comunal afirm\u00f3 que \u201ces importante desarrollar estos trabajos preventivos, sobre todo en esta ruta, que es el principal acceso a la comuna y que requiere de una mayor luminosidad tanto para peatones, automovilistas y para los ciclistas\u201d, continu\u00f3.<\/p>\n\n\n\n<p>Precisamente, y con la intenci\u00f3n de evitar la interrupci\u00f3n normal del tr\u00e1nsito, es que se determin\u00f3 desarrollar esta labor durante la noche, entendiendo, adem\u00e1s, que durante el d\u00eda el flujo vehicular es mayor.<\/p>\n","protected":false},"excerpt":{"rendered":"<p>Como labor preventiva del Plan Invierno, los equipos municipales trabajaron en el retiro de ramas y \u00e1rboles en mal estado, a fin de evitar ca\u00eddas y mejorar las condiciones de iluminaci\u00f3n para peatones, automovilistas y ciclistas. Con el objetivo de desarrollar un trabajo preventivo y para mejorar la iluminaci\u00f3n de la v\u00eda, el municipio de &hellip;<\/p>\n","protected":false},"author":2,"featured_media":4117,"comment_status":"open","ping_status":"open","sticky":false,"template":"","format":"standard","meta":{"spay_email":""},"categories":[2],"tags":[8],"jetpack_featured_media_url":"https:\/\/lavozdesanesteban.cl\/wp-content\/uploads\/2024\/04\/PODA-scaled.jpg","_links":{"self":[{"href":"https:\/\/lavozdesanesteban.cl\/index.php\/wp-json\/wp\/v2\/posts\/4116"}],"collection":[{"href":"https:\/\/lavozdesanesteban.cl\/index.php\/wp-json\/wp\/v2\/posts"}],"about":[{"href":"https:\/\/lavozdesanesteban.cl\/index.php\/wp-json\/wp\/v2\/types\/post"}],"author":[{"embeddable":true,"href":"https:\/\/lavozdesanesteban.cl\/index.php\/wp-json\/wp\/v2\/users\/2"}],"replies":[{"embeddable":true,"href":"https:\/\/lavozdesanesteban.cl\/index.php\/wp-json\/wp\/v2\/comments?post=4116"}],"version-history":[{"count":1,"href":"https:\/\/lavozdesanesteban.cl\/index.php\/wp-json\/wp\/v2\/posts\/4116\/revisions"}],"predecessor-version":[{"id":4118,"href":"https:\/\/lavozdesanesteban.cl\/index.php\/wp-json\/wp\/v2\/posts\/4116\/revisions\/4118"}],"wp:featuredmedia":[{"embeddable":true,"href":"https:\/\/lavozdesanesteban.cl\/index.php\/wp-json\/wp\/v2\/media\/4117"}],"wp:attachment":[{"href":"https:\/\/lavozdesanesteban.cl\/index.php\/wp-json\/wp\/v2\/media?parent=4116"}],"wp:term":[{"taxonomy":"category","embeddable":true,"href":"https:\/\/lavozdesanesteban.cl\/index.php\/wp-json\/wp\/v2\/categories?post=4116"},{"taxonomy":"post_tag","embeddable":true,"href":"https:\/\/lavozdesanesteban.cl\/index.php\/wp-json\/wp\/v2\/tags?post=4116"}],"curies":[{"name":"wp","href":"https:\/\/api.w.org\/{rel}","templated":true}]}}