{"id":4119,"date":"2024-04-18T03:21:56","date_gmt":"2024-04-18T03:21:56","guid":{"rendered":"https:\/\/lavozdesanesteban.cl\/?p=4119"},"modified":"2024-04-18T03:22:01","modified_gmt":"2024-04-18T03:22:01","slug":"departamento-de-salud-de-san-esteban-reforzo-recomendaciones-ante-presencia-de-vector-del-dengue","status":"publish","type":"post","link":"https:\/\/lavozdesanesteban.cl\/index.php\/2024\/04\/18\/departamento-de-salud-de-san-esteban-reforzo-recomendaciones-ante-presencia-de-vector-del-dengue\/","title":{"rendered":"Departamento de Salud de San Esteban reforz\u00f3 recomendaciones ante presencia de vector del Dengue"},"content":{"rendered":"\n<p><\/p>\n\n\n\n<ul><li>SENAPRED decret\u00f3 Alerta Amarilla en la provincia de Los Andes tras encontrar un ejemplar Aedes Aegypti en zona c\u00e9ntrica.<\/li><\/ul>\n\n\n\n<p>Durante los \u00faltimos d\u00edas, SENAPRED declar\u00f3 alerta amarilla en la provincia de Los Andes tras constatar la presencia del mosquito Aedes Aegypti, vector del Dengue y la Fiebre Amarilla. En ese contexto, desde el Departamento de Salud de San Esteban han reforzado el llamado a tomar medidas para evitar su reproducci\u00f3n.<\/p>\n\n\n\n<p>\u201cQueremos contarle a todas nuestras vecinas y vecinos que actualmente nuestra provincia de Los Andes se encuentra en una alerta amarilla por el riesgo de introducci\u00f3n y dispersi\u00f3n del mosquito transmisor de la enfermedad conocida como Dengue. Este mosquito conocido como Aedes Aegypti es el causante de la transmisi\u00f3n de esta enfermedad, una enfermedad de car\u00e1cter viral que se transmite por la picadura de este zancudo y cuya \u00fanica prevenci\u00f3n es evitar la proliferaci\u00f3n de estos mosquitos vectores y, por lo tanto, el llamado es a que logremos mantener nuestros espacios, cerca de las casas principalmente, libres de recipientes con agua, pues es el lugar donde ellos ponen sus huevos y anidan. Debemos evitar que estos mosquitos encuentren lugares favorables para depositar sus huevos, Hay que utilizar medidas de protecci\u00f3n personal en caso de que ya exista una zona con muchos zancudos como mosquiteros en las ventanas, ropa manga larga, usar repelentes o materiales tratados con insecticidas, entre otros, agreg\u00f3 Juan Antonio Lobos, director del Departamento de Salud Municipal de San Esteban.<\/p>\n\n\n\n<p>El mosquito Aedes Aegypti&nbsp; solo es el transmisor de enfermedades como el Dengue y la Fiebre Amarilla, por ende, este ejemplar es portador por naturaleza, sino que las transite de persona a persona picando a una persona contagiada y luego a otra.<\/p>\n\n\n\n<p>Cabe destacar que este ejemplar encontrado en pleno centro de la comuna de Los Andes no es el primero que se encuentra en el sector y la alerta amarilla implica que se dispondr\u00e1 de todos los recursos necesarios para invertir en ello y as\u00ed evitar que crezca en extensi\u00f3n y severidad, buscando minimizar sus efectos negativos en las personas.<\/p>\n\n\n\n<p>En San Esteban, durante el mes de abril del 2023, el Departamento de Salud jutno a la seremi de Salud de la provincia, realizaron diferente charlas y talleres con vecinos de los sectores aleda\u00f1os a los lugares donde se encontraron los primeros ejemplares, con el fin de fomentar la prevenci\u00f3n ante este vector.<\/p>\n","protected":false},"excerpt":{"rendered":"<p>SENAPRED decret\u00f3 Alerta Amarilla en la provincia de Los Andes tras encontrar un ejemplar Aedes Aegypti en zona c\u00e9ntrica. Durante los \u00faltimos d\u00edas, SENAPRED declar\u00f3 alerta amarilla en la provincia de Los Andes tras constatar la presencia del mosquito Aedes Aegypti, vector del Dengue y la Fiebre Amarilla. En ese contexto, desde el Departamento de &hellip;<\/p>\n","protected":false},"author":2,"featured_media":4120,"comment_status":"open","ping_status":"open","sticky":false,"template":"","format":"standard","meta":{"spay_email":""},"categories":[5],"tags":[8],"jetpack_featured_media_url":"https:\/\/lavozdesanesteban.cl\/wp-content\/uploads\/2024\/04\/CHARLA-AEDES-SAN-ESTEBAN-1-scaled.jpeg","_links":{"self":[{"href":"https:\/\/lavozdesanesteban.cl\/index.php\/wp-json\/wp\/v2\/posts\/4119"}],"collection":[{"href":"https:\/\/lavozdesanesteban.cl\/index.php\/wp-json\/wp\/v2\/posts"}],"about":[{"href":"https:\/\/lavozdesanesteban.cl\/index.php\/wp-json\/wp\/v2\/types\/post"}],"author":[{"embeddable":true,"href":"https:\/\/lavozdesanesteban.cl\/index.php\/wp-json\/wp\/v2\/users\/2"}],"replies":[{"embeddable":true,"href":"https:\/\/lavozdesanesteban.cl\/index.php\/wp-json\/wp\/v2\/comments?post=4119"}],"version-history":[{"count":1,"href":"https:\/\/lavozdesanesteban.cl\/index.php\/wp-json\/wp\/v2\/posts\/4119\/revisions"}],"predecessor-version":[{"id":4121,"href":"https:\/\/lavozdesanesteban.cl\/index.php\/wp-json\/wp\/v2\/posts\/4119\/revisions\/4121"}],"wp:featuredmedia":[{"embeddable":true,"href":"https:\/\/lavozdesanesteban.cl\/index.php\/wp-json\/wp\/v2\/media\/4120"}],"wp:attachment":[{"href":"https:\/\/lavozdesanesteban.cl\/index.php\/wp-json\/wp\/v2\/media?parent=4119"}],"wp:term":[{"taxonomy":"category","embeddable":true,"href":"https:\/\/lavozdesanesteban.cl\/index.php\/wp-json\/wp\/v2\/categories?post=4119"},{"taxonomy":"post_tag","embeddable":true,"href":"https:\/\/lavozdesanesteban.cl\/index.php\/wp-json\/wp\/v2\/tags?post=4119"}],"curies":[{"name":"wp","href":"https:\/\/api.w.org\/{rel}","templated":true}]}}