{"id":4122,"date":"2024-04-18T03:25:05","date_gmt":"2024-04-18T03:25:05","guid":{"rendered":"https:\/\/lavozdesanesteban.cl\/?p=4122"},"modified":"2024-04-18T03:25:06","modified_gmt":"2024-04-18T03:25:06","slug":"san-esteban-sera-la-primera-comuna-en-celebrar-la-noche-de-los-libros-para-fomentar-la-lectura","status":"publish","type":"post","link":"https:\/\/lavozdesanesteban.cl\/index.php\/2024\/04\/18\/san-esteban-sera-la-primera-comuna-en-celebrar-la-noche-de-los-libros-para-fomentar-la-lectura\/","title":{"rendered":"San Esteban ser\u00e1 la primera comuna en celebrar \u201cla noche de los libros\u201d para fomentar la lectura"},"content":{"rendered":"\n<p><\/p>\n\n\n\n<ul><li>Iniciativa, desarrollada de manera conjunta entre el municipio y las bibliotecas p\u00fablicas se realizar\u00e1 este jueves 18 de abril, desde las 19.00 horas.<\/li><\/ul>\n\n\n\n<p>Este jueves 18 de abril, la biblioteca municipal de San Esteban realizar\u00e1 una gran actividad para conmemorar el mes del libro por medio de un atractivo panorama lector. Se trata de la denominada \u201cLa noche de los libros\u201d.<\/p>\n\n\n\n<p>La celebraci\u00f3n propone extender horarios de atenci\u00f3n de este recinto junto a una programaci\u00f3n especial, que incluye presentaciones de libros, exhibiciones, talleres, cuentacuentos, exposiciones de artes visuales, entre otras expresiones. Esta actividad se llevar\u00e1 a cabo principalmente desde las 19:00 horas, en el recinto ubicado en Avenida Alessandri 95.<\/p>\n\n\n\n<p>Mauricio Flores, encargado de la oficina de cultura del municipio, destac\u00f3 el valor de esta celebraci\u00f3n, que tiene como principal objetivo \u201cpotenciar la lectura, generar actividades familiares y conmemorar junto a todas y todos nuestros vecinos, el d\u00eda del libro en la comuna\u201d, afirm\u00f3.<\/p>\n\n\n\n<p>La iniciativa es desarrollada de manera conjunta con la Coordinaci\u00f3n de Bibliotecas P\u00fablicas y la Seremi de Culturas y el Patrimonio de Valpara\u00edso.<\/p>\n\n\n\n<p>De esta manera, San Esteban ser\u00e1 la primera comuna de la provincia en desarrollar esta iniciativa, que continuar\u00e1 en Calle Larga (19 de abril) y Los Andes (25 de abril).<\/p>\n","protected":false},"excerpt":{"rendered":"<p>Iniciativa, desarrollada de manera conjunta entre el municipio y las bibliotecas p\u00fablicas se realizar\u00e1 este jueves 18 de abril, desde las 19.00 horas. Este jueves 18 de abril, la biblioteca municipal de San Esteban realizar\u00e1 una gran actividad para conmemorar el mes del libro por medio de un atractivo panorama lector. Se trata de la &hellip;<\/p>\n","protected":false},"author":2,"featured_media":4123,"comment_status":"open","ping_status":"open","sticky":false,"template":"","format":"standard","meta":{"spay_email":""},"categories":[2],"tags":[8],"jetpack_featured_media_url":"https:\/\/lavozdesanesteban.cl\/wp-content\/uploads\/2024\/04\/la-noche-de-los-libros-scaled.jpg","_links":{"self":[{"href":"https:\/\/lavozdesanesteban.cl\/index.php\/wp-json\/wp\/v2\/posts\/4122"}],"collection":[{"href":"https:\/\/lavozdesanesteban.cl\/index.php\/wp-json\/wp\/v2\/posts"}],"about":[{"href":"https:\/\/lavozdesanesteban.cl\/index.php\/wp-json\/wp\/v2\/types\/post"}],"author":[{"embeddable":true,"href":"https:\/\/lavozdesanesteban.cl\/index.php\/wp-json\/wp\/v2\/users\/2"}],"replies":[{"embeddable":true,"href":"https:\/\/lavozdesanesteban.cl\/index.php\/wp-json\/wp\/v2\/comments?post=4122"}],"version-history":[{"count":1,"href":"https:\/\/lavozdesanesteban.cl\/index.php\/wp-json\/wp\/v2\/posts\/4122\/revisions"}],"predecessor-version":[{"id":4124,"href":"https:\/\/lavozdesanesteban.cl\/index.php\/wp-json\/wp\/v2\/posts\/4122\/revisions\/4124"}],"wp:featuredmedia":[{"embeddable":true,"href":"https:\/\/lavozdesanesteban.cl\/index.php\/wp-json\/wp\/v2\/media\/4123"}],"wp:attachment":[{"href":"https:\/\/lavozdesanesteban.cl\/index.php\/wp-json\/wp\/v2\/media?parent=4122"}],"wp:term":[{"taxonomy":"category","embeddable":true,"href":"https:\/\/lavozdesanesteban.cl\/index.php\/wp-json\/wp\/v2\/categories?post=4122"},{"taxonomy":"post_tag","embeddable":true,"href":"https:\/\/lavozdesanesteban.cl\/index.php\/wp-json\/wp\/v2\/tags?post=4122"}],"curies":[{"name":"wp","href":"https:\/\/api.w.org\/{rel}","templated":true}]}}