{"id":4125,"date":"2024-04-18T03:29:47","date_gmt":"2024-04-18T03:29:47","guid":{"rendered":"https:\/\/lavozdesanesteban.cl\/?p=4125"},"modified":"2024-04-18T03:29:49","modified_gmt":"2024-04-18T03:29:49","slug":"con-30-estudiantes-liceo-san-esteban-da-inicio-a-nueva-version-del-curso-de-soldadura-manual","status":"publish","type":"post","link":"https:\/\/lavozdesanesteban.cl\/index.php\/2024\/04\/18\/con-30-estudiantes-liceo-san-esteban-da-inicio-a-nueva-version-del-curso-de-soldadura-manual\/","title":{"rendered":"Con 30 estudiantes Liceo San Esteban da inicio a nueva versi\u00f3n del curso de soldadura manual"},"content":{"rendered":"\n<p><\/p>\n\n\n\n<ul><li><em>La iniciativa se enmarca en el programa de educaci\u00f3n desarrollado por la empresa Colb\u00fan, con el apoyo t\u00e9cnico de Inacap.<\/em><\/li><\/ul>\n\n\n\n<p><strong>Santiago,16 de abril de 2024.<\/strong> Treinta alumnos y alumnas del Liceo San Esteban se capacitar\u00e1n este a\u00f1o en una nueva versi\u00f3n del curso de soldadura manual con electrodo revestido en cuatro posiciones, iniciativa impulsada por dicho establecimiento, el municipio de San Esteban, Inacap y la Empresa Colb\u00fan, a trav\u00e9s de su Complejo Hidroel\u00e9ctrico Aconcagua.<\/p>\n\n\n\n<p>El taller se enmarca dentro del programa de educaci\u00f3n que Colb\u00fan implementa en la zona hace m\u00e1s de 15 a\u00f1os, dirigido a estudiantes de cuarto a\u00f1o medio, cuyo objetivo es proporcionarles herramientas t\u00e9cnicas que apoyen su formaci\u00f3n acad\u00e9mica y empleabilidad. En este caso, el curso busca que los participantes puedan realizar operaciones de soldadura por arco el\u00e9ctrico, empleando para ello procedimientos de seguridad estandarizados en cerca de 205 horas de clases t\u00e9cnicas y pr\u00e1cticas.<\/p>\n\n\n\n<p>Mar\u00eda Ang\u00e9lica Aldunate del Departamento de Educaci\u00f3n de San Esteban se\u00f1al\u00f3 que \u201cpara nosotros es un privilegio ser facilitadores del desarrollo profesional del estudiante y participar en estas alianzas estrat\u00e9gicas para los j\u00f3venes y tambi\u00e9n para sus familias. Esto les permite progresar enormemente. En comunas como la nuestra los recursos son limitados, pero si los manejamos con estrategias y colaboraci\u00f3n podemos conseguir este tipo de iniciativas\u201d.<\/p>\n\n\n\n<p>En tanto, Mayerling Sanguinetti, directora del Liceo San Esteban, se refiri\u00f3 a la importancia que estos cursos tienen en la vida de los estudiantes: \u201cEs un enorme apoyo para nuestros alumnos. Estas herramientas que se les entregar\u00e1n a nuestros estudiantes les permitir\u00e1n a futuro acceder a puestos de trabajo y tener mejores competencias en el mercado\u201d.<\/p>\n\n\n\n<p>Por su parte, Gonzalo Palacios, jefe de Asuntos P\u00fablicos y Comunicaciones Zona Centro-Norte de Colb\u00fan, valor\u00f3 el trabajo conjunto para impulsar este programa educativo, as\u00ed como la participaci\u00f3n femenina al alza. \u201cEstamos contentos de iniciar una nueva versi\u00f3n de este programa, valorando la participaci\u00f3n femenina que cada vez es mayor, con un tercio de las inscripciones. Queremos invitar a los y las estudiantes a que aprovechen la oportunidad que se les presenta para enriquecer su formaci\u00f3n profesional y personal\u201d.<\/p>\n\n\n\n<p>Junto con lo anterior agreg\u00f3 que los participantes del curso realizar\u00e1n un operativo en terreno en Camino Internacional, a fin de aplicar los conocimientos aprendidos a favor de las comunidades del sector.<\/p>\n\n\n\n<p>Por su parte, Sebasti\u00e1n Fern\u00e1ndez, alumno de cuarto medio, destac\u00f3 que \u201cestoy muy contento. Para m\u00ed es muy importante porque mi expectativa es especializarme en esta \u00e1rea, generar ingresos, ayudar a mi familia, as\u00ed que me parece excelente el apoyo\u201d.<\/p>\n\n\n\n<p>Mientras que Constanza Tapia, estudiante del establecimiento, afirm\u00f3 que \u201cme parece una experiencia muy buena, ya que no en todos lados se dan estas oportunidades para aprender nuevas cosas y ser m\u00e1s independiente. Como mujeres es muy pr\u00e1ctico y bueno que podamos integrarnos a esta \u00e1rea de soldadura\u201d.<\/p>\n\n\n\n<p>Es importante destacar que el programa de educaci\u00f3n Colb\u00fan en el Liceo San Esteban ha beneficiado a cerca de 500 alumnos y alumnas durante sus 16 a\u00f1os de implementaci\u00f3n.<\/p>\n","protected":false},"excerpt":{"rendered":"<p>La iniciativa se enmarca en el programa de educaci\u00f3n desarrollado por la empresa Colb\u00fan, con el apoyo t\u00e9cnico de Inacap. Santiago,16 de abril de 2024. Treinta alumnos y alumnas del Liceo San Esteban se capacitar\u00e1n este a\u00f1o en una nueva versi\u00f3n del curso de soldadura manual con electrodo revestido en cuatro posiciones, iniciativa impulsada por &hellip;<\/p>\n","protected":false},"author":2,"featured_media":4127,"comment_status":"open","ping_status":"open","sticky":false,"template":"","format":"standard","meta":{"spay_email":""},"categories":[2],"tags":[8],"jetpack_featured_media_url":"https:\/\/lavozdesanesteban.cl\/wp-content\/uploads\/2024\/04\/Inicio-Curso-Soldadura-Liceo-San-Esteban-4.jpeg","_links":{"self":[{"href":"https:\/\/lavozdesanesteban.cl\/index.php\/wp-json\/wp\/v2\/posts\/4125"}],"collection":[{"href":"https:\/\/lavozdesanesteban.cl\/index.php\/wp-json\/wp\/v2\/posts"}],"about":[{"href":"https:\/\/lavozdesanesteban.cl\/index.php\/wp-json\/wp\/v2\/types\/post"}],"author":[{"embeddable":true,"href":"https:\/\/lavozdesanesteban.cl\/index.php\/wp-json\/wp\/v2\/users\/2"}],"replies":[{"embeddable":true,"href":"https:\/\/lavozdesanesteban.cl\/index.php\/wp-json\/wp\/v2\/comments?post=4125"}],"version-history":[{"count":1,"href":"https:\/\/lavozdesanesteban.cl\/index.php\/wp-json\/wp\/v2\/posts\/4125\/revisions"}],"predecessor-version":[{"id":4128,"href":"https:\/\/lavozdesanesteban.cl\/index.php\/wp-json\/wp\/v2\/posts\/4125\/revisions\/4128"}],"wp:featuredmedia":[{"embeddable":true,"href":"https:\/\/lavozdesanesteban.cl\/index.php\/wp-json\/wp\/v2\/media\/4127"}],"wp:attachment":[{"href":"https:\/\/lavozdesanesteban.cl\/index.php\/wp-json\/wp\/v2\/media?parent=4125"}],"wp:term":[{"taxonomy":"category","embeddable":true,"href":"https:\/\/lavozdesanesteban.cl\/index.php\/wp-json\/wp\/v2\/categories?post=4125"},{"taxonomy":"post_tag","embeddable":true,"href":"https:\/\/lavozdesanesteban.cl\/index.php\/wp-json\/wp\/v2\/tags?post=4125"}],"curies":[{"name":"wp","href":"https:\/\/api.w.org\/{rel}","templated":true}]}}