{"id":4130,"date":"2024-04-25T02:48:20","date_gmt":"2024-04-25T02:48:20","guid":{"rendered":"https:\/\/lavozdesanesteban.cl\/?p=4130"},"modified":"2024-04-25T02:48:24","modified_gmt":"2024-04-25T02:48:24","slug":"se-firma-convenio-para-el-pronto-inicio-de-obras-de-polideportivo-de-los-andes","status":"publish","type":"post","link":"https:\/\/lavozdesanesteban.cl\/index.php\/2024\/04\/25\/se-firma-convenio-para-el-pronto-inicio-de-obras-de-polideportivo-de-los-andes\/","title":{"rendered":"Se firma convenio para el pronto inicio de obras de Polideportivo de Los Andes"},"content":{"rendered":"\n<p><\/p>\n\n\n\n<p><em>Alcalde Manuel Rivera, Leandro Torres, seremi de Deportes, Alejandro Blamey, director Regional de Valpara\u00edso, firmaron convenio de transferencia de recursos para la ejecuci\u00f3n de proyecto Polideportivo Centro Elige Vivir Sano, donde el IND entreg\u00f3 un aporte de m\u00e1s de 4 mil millones de pesos.<\/em><\/p>\n\n\n\n<p>Con la firma de este convenio se acerca el inicio de la construcci\u00f3n del anhelado complejo deportivo en los terrenos de la ex aduana de Los Andes cuya finalidad es promover la pr\u00e1ctica de la actividad f\u00edsica y el deporte, adem\u00e1s de ampliar la participaci\u00f3n de la ciudadan\u00eda.<\/p>\n\n\n\n<p>Este proyecto, concebido como un sue\u00f1o en el a\u00f1o 2019, ha enfrentado varias complejidades en su camino hacia la realidad. Tras un contratiempo inicial que requiri\u00f3 una inyecci\u00f3n adicional de recursos y la cancelaci\u00f3n de una primera licitaci\u00f3n, finalmente, gracias al respaldo financiero del Consejo Regional, que aporta el 50% de los fondos, y el resto proporcionado por el IND, ser\u00e1 una realidad. Ahora, tras completar el \u00faltimo proceso administrativo, solo falta la aprobaci\u00f3n final para que la empresa adjudicataria pueda dar inicio a la construcci\u00f3n en Los Andes.<\/p>\n\n\n\n<figure class=\"wp-block-gallery columns-1 is-cropped\"><ul class=\"blocks-gallery-grid\"><li class=\"blocks-gallery-item\"><figure><img loading=\"lazy\" width=\"1024\" height=\"768\" src=\"https:\/\/lavozdesanesteban.cl\/wp-content\/uploads\/2024\/04\/1-poli-1024x768.jpeg\" alt=\"\" data-id=\"4131\" data-full-url=\"https:\/\/lavozdesanesteban.cl\/wp-content\/uploads\/2024\/04\/1-poli.jpeg\" data-link=\"https:\/\/lavozdesanesteban.cl\/?attachment_id=4131\" class=\"wp-image-4131\" srcset=\"https:\/\/lavozdesanesteban.cl\/wp-content\/uploads\/2024\/04\/1-poli-1024x768.jpeg 1024w, https:\/\/lavozdesanesteban.cl\/wp-content\/uploads\/2024\/04\/1-poli-300x225.jpeg 300w, https:\/\/lavozdesanesteban.cl\/wp-content\/uploads\/2024\/04\/1-poli-768x576.jpeg 768w, https:\/\/lavozdesanesteban.cl\/wp-content\/uploads\/2024\/04\/1-poli.jpeg 1280w\" sizes=\"(max-width: 1024px) 100vw, 1024px\" \/><\/figure><\/li><\/ul><\/figure>\n\n\n\n<p>Manuel Rivera, alcalde de Los Andes coment\u00f3 que \u201cesta es una obra de envergadura regional, no solo por la significativa inversi\u00f3n financiera, sino por su apertura a diversas comunidades tanto dentro de la provincia como en el Valle de Aconcagua. Destacando su orientaci\u00f3n hacia el \u00e1mbito deportivo por encima de los espect\u00e1culos de gran escala, este Polideportivo se erige como un espacio vers\u00e1til capaz de albergar m\u00faltiples actividades simult\u00e1neamente. Adem\u00e1s de ofrecer una amplia gama de instalaciones, incluyendo una pista al aire libre para patinaje, se convierte en un centro integral para el desarrollo f\u00edsico y recreativo de los atletas y entusiastas del deporte.\u00bb<\/p>\n\n\n\n<p>Leandro Torres, seremi de Deporte, enfatiz\u00f3 sobre este mega proyecto: \u201cComo destac\u00f3 el alcalde, esta iniciativa no solo beneficiar\u00e1 a la comuna de Los Andes, sino tambi\u00e9n a toda la provincia y regi\u00f3n de Valpara\u00edso al dotarlas de infraestructura deportiva de primer nivel. Creemos firmemente que, al proporcionar este tipo de instalaciones, no solo fomentamos el desarrollo de nuevas disciplinas deportivas, sino que tambi\u00e9n elevamos el estatus y la calidad de vida de nuestros deportistas regionales.\u00bb<\/p>\n\n\n\n<p>Alejandro Blamey, director regional del IND,&nbsp; agreg\u00f3 que Estamos cumpliendo con este hito, pero vamos a continuar trabajando para que efectivamente m\u00e1s recintos, m\u00e1s infraestructura est\u00e9n disponibles para la pr\u00e1ctica del deporte y la actividad f\u00edsica, y creemos que hacerlo de esta manera, tambi\u00e9n en los territorios, trabajando mancomunadamente con el jefe comunal, nuestro alcalde, con el gobierno regional, es el camino tambi\u00e9n para ir cumpliendo los sue\u00f1os, la posibilidad de que m\u00e1s ciudadanos cumplan esta posibilidad de la pr\u00e1ctica deportiva\u201d.<\/p>\n","protected":false},"excerpt":{"rendered":"<p>Alcalde Manuel Rivera, Leandro Torres, seremi de Deportes, Alejandro Blamey, director Regional de Valpara\u00edso, firmaron convenio de transferencia de recursos para la ejecuci\u00f3n de proyecto Polideportivo Centro Elige Vivir Sano, donde el IND entreg\u00f3 un aporte de m\u00e1s de 4 mil millones de pesos. Con la firma de este convenio se acerca el inicio de &hellip;<\/p>\n","protected":false},"author":2,"featured_media":4132,"comment_status":"open","ping_status":"open","sticky":false,"template":"","format":"standard","meta":{"spay_email":""},"categories":[7],"tags":[8],"jetpack_featured_media_url":"https:\/\/lavozdesanesteban.cl\/wp-content\/uploads\/2024\/04\/2-poli.jpeg","_links":{"self":[{"href":"https:\/\/lavozdesanesteban.cl\/index.php\/wp-json\/wp\/v2\/posts\/4130"}],"collection":[{"href":"https:\/\/lavozdesanesteban.cl\/index.php\/wp-json\/wp\/v2\/posts"}],"about":[{"href":"https:\/\/lavozdesanesteban.cl\/index.php\/wp-json\/wp\/v2\/types\/post"}],"author":[{"embeddable":true,"href":"https:\/\/lavozdesanesteban.cl\/index.php\/wp-json\/wp\/v2\/users\/2"}],"replies":[{"embeddable":true,"href":"https:\/\/lavozdesanesteban.cl\/index.php\/wp-json\/wp\/v2\/comments?post=4130"}],"version-history":[{"count":1,"href":"https:\/\/lavozdesanesteban.cl\/index.php\/wp-json\/wp\/v2\/posts\/4130\/revisions"}],"predecessor-version":[{"id":4133,"href":"https:\/\/lavozdesanesteban.cl\/index.php\/wp-json\/wp\/v2\/posts\/4130\/revisions\/4133"}],"wp:featuredmedia":[{"embeddable":true,"href":"https:\/\/lavozdesanesteban.cl\/index.php\/wp-json\/wp\/v2\/media\/4132"}],"wp:attachment":[{"href":"https:\/\/lavozdesanesteban.cl\/index.php\/wp-json\/wp\/v2\/media?parent=4130"}],"wp:term":[{"taxonomy":"category","embeddable":true,"href":"https:\/\/lavozdesanesteban.cl\/index.php\/wp-json\/wp\/v2\/categories?post=4130"},{"taxonomy":"post_tag","embeddable":true,"href":"https:\/\/lavozdesanesteban.cl\/index.php\/wp-json\/wp\/v2\/tags?post=4130"}],"curies":[{"name":"wp","href":"https:\/\/api.w.org\/{rel}","templated":true}]}}