{"id":4134,"date":"2024-04-25T02:52:04","date_gmt":"2024-04-25T02:52:04","guid":{"rendered":"https:\/\/lavozdesanesteban.cl\/?p=4134"},"modified":"2024-04-25T02:52:08","modified_gmt":"2024-04-25T02:52:08","slug":"proyecto-busca-crear-un-circuito-arqueologico-patrimonial-y-turistico-en-el-valle-de-aconcagua","status":"publish","type":"post","link":"https:\/\/lavozdesanesteban.cl\/index.php\/2024\/04\/25\/proyecto-busca-crear-un-circuito-arqueologico-patrimonial-y-turistico-en-el-valle-de-aconcagua\/","title":{"rendered":"Proyecto busca crear un circuito Arqueol\u00f3gico, Patrimonial y Tur\u00edstico en el Valle de Aconcagua"},"content":{"rendered":"\n<p><\/p>\n\n\n\n<p>Pro Aconcagua y Codelco Andina, se han unido una vez m\u00e1s para trabajar colaborativamente en un proyecto, que no solo se traducir\u00e1 en la recopilaci\u00f3n de informaci\u00f3n, si no que se materializara en un libro, en un circuito arqueol\u00f3gico, patrimonial y tur\u00edstico en la parte alta de Aconcagua. Mejoras de infraestructura, protecci\u00f3n y marketing para el Valle de Aconcagua<\/p>\n\n\n\n<p><strong>Los Andes. &#8211;<\/strong> \u201cPuesta en valor de Circuitos Arqueol\u00f3gicos R\u00edo Blanco &#8211; Camino Internacional\u201d se denomina el proyecto que -desde octubre del 2023- se encuentra <strong>ejecutando<\/strong> Pro Aconcagua, que tiene por objetivo caracterizar y <strong>poner el valor, como su t\u00edtulo lo indica<\/strong>, cuatro sitios ubicados en el sector alto del Camino Internacional.<\/p>\n\n\n\n<p>El Camino Internacional de Los Andes ha sido una v\u00eda de comunicaci\u00f3n utilizada desde tiempos prehisp\u00e1nicos y tiene un papel crucial en la historia de las comunicaciones, los contactos culturales y el tr\u00e1nsito de personas y bienes a lo largo de los siglos. En toda la extensi\u00f3n de la ruta, confluyen m\u00faltiples testimonios materiales e inmateriales que permiten reconstruir diferentes etapas de la historia en las fronteras actuales de Chile y Argentina.<\/p>\n\n\n\n<p>El proyecto financiado por Codelco Andina y liderado por la Corporaci\u00f3n Pro Aconcagua, \u201cbusca llevar a cabo un trabajo de investigaci\u00f3n exhaustivo, sosteniendo diferentes campa\u00f1as de arqueolog\u00eda, acciones de puesta en valor, infraestructura y difusi\u00f3n de los valores patrimoniales de estos sitios, con el fin de caracterizarlos, resaltar su importancia hist\u00f3rica y promover su conservaci\u00f3n\u201d, mencion\u00f3 Luis Hern\u00e1n Concha, Gerente de Sustentabilidad de Codelco Divisi\u00f3n Andina.<\/p>\n\n\n\n<p>Estas acciones se llevar\u00e1n a efecto a trav\u00e9s de la realizaci\u00f3n de m\u00faltiples actividades cient\u00edficas y el trabajo interdisciplinario de un equipo de profesionales chilenos y argentinos, encabezados por el arque\u00f3logo Marcos Quiroga, con vasta experiencia en la arqueolog\u00eda hist\u00f3rica y que viene trabajando en estos temas en Chile, junto a la Corporaci\u00f3n desde el a\u00f1o 2017.<\/p>\n\n\n\n<p>Marcos Quiroga destac\u00f3 que \u201cnuestro equipo busca relevar informaci\u00f3n cient\u00edfica sobre las diferentes etapas de ocupaci\u00f3n de los sitios, as\u00ed como la reconstrucci\u00f3n de los aspectos de la vida social, pol\u00edtica y econ\u00f3micas desarrollada en el entorno de la cordillera de los Andes y sus caminos\u201d.<\/p>\n\n\n\n<p>Asimismo, la Gerente de Pro Aconcagua, Claudia Gajardo, inform\u00f3 que \u201ceste proyecto -que construimos junto a Codelco- se desarrollar\u00e1 en diferentes etapas, que incluye la investigaci\u00f3n, restauraci\u00f3n, conservaci\u00f3n y destacando la habilitaci\u00f3n de infraestructura que resalten los valores patrimoniales, con la creaci\u00f3n de un circuito arqueol\u00f3gico\u201d.<\/p>\n\n\n\n<p>\u201cAs\u00ed como, la elaboraci\u00f3n de un libro de difusi\u00f3n, exposiciones y no menos importante fomentar la colaboraci\u00f3n con la comunidad y los emprendedores para promover el desarrollo sostenible de la zona, generando oportunidades de empleo y actividades tur\u00edsticas\u201d, mencion\u00f3.<\/p>\n\n\n\n<p>Este proyecto tendr\u00e1 una duraci\u00f3n de 2 a\u00f1os, parti\u00f3 en octubre del 2023 y tiene a los involucrados muy satisfechos por los hallazgos, los que ser\u00e1 informados a la comunidad una vez que estos sean validados.<\/p>\n","protected":false},"excerpt":{"rendered":"<p>Pro Aconcagua y Codelco Andina, se han unido una vez m\u00e1s para trabajar colaborativamente en un proyecto, que no solo se traducir\u00e1 en la recopilaci\u00f3n de informaci\u00f3n, si no que se materializara en un libro, en un circuito arqueol\u00f3gico, patrimonial y tur\u00edstico en la parte alta de Aconcagua. Mejoras de infraestructura, protecci\u00f3n y marketing para &hellip;<\/p>\n","protected":false},"author":2,"featured_media":4137,"comment_status":"open","ping_status":"open","sticky":false,"template":"","format":"standard","meta":{"spay_email":""},"categories":[7],"tags":[8],"jetpack_featured_media_url":"https:\/\/lavozdesanesteban.cl\/wp-content\/uploads\/2024\/04\/FotoReferencial.jpg","_links":{"self":[{"href":"https:\/\/lavozdesanesteban.cl\/index.php\/wp-json\/wp\/v2\/posts\/4134"}],"collection":[{"href":"https:\/\/lavozdesanesteban.cl\/index.php\/wp-json\/wp\/v2\/posts"}],"about":[{"href":"https:\/\/lavozdesanesteban.cl\/index.php\/wp-json\/wp\/v2\/types\/post"}],"author":[{"embeddable":true,"href":"https:\/\/lavozdesanesteban.cl\/index.php\/wp-json\/wp\/v2\/users\/2"}],"replies":[{"embeddable":true,"href":"https:\/\/lavozdesanesteban.cl\/index.php\/wp-json\/wp\/v2\/comments?post=4134"}],"version-history":[{"count":1,"href":"https:\/\/lavozdesanesteban.cl\/index.php\/wp-json\/wp\/v2\/posts\/4134\/revisions"}],"predecessor-version":[{"id":4138,"href":"https:\/\/lavozdesanesteban.cl\/index.php\/wp-json\/wp\/v2\/posts\/4134\/revisions\/4138"}],"wp:featuredmedia":[{"embeddable":true,"href":"https:\/\/lavozdesanesteban.cl\/index.php\/wp-json\/wp\/v2\/media\/4137"}],"wp:attachment":[{"href":"https:\/\/lavozdesanesteban.cl\/index.php\/wp-json\/wp\/v2\/media?parent=4134"}],"wp:term":[{"taxonomy":"category","embeddable":true,"href":"https:\/\/lavozdesanesteban.cl\/index.php\/wp-json\/wp\/v2\/categories?post=4134"},{"taxonomy":"post_tag","embeddable":true,"href":"https:\/\/lavozdesanesteban.cl\/index.php\/wp-json\/wp\/v2\/tags?post=4134"}],"curies":[{"name":"wp","href":"https:\/\/api.w.org\/{rel}","templated":true}]}}