{"id":4141,"date":"2024-04-25T02:58:05","date_gmt":"2024-04-25T02:58:05","guid":{"rendered":"https:\/\/lavozdesanesteban.cl\/?p=4141"},"modified":"2024-04-25T02:58:08","modified_gmt":"2024-04-25T02:58:08","slug":"municipio-y-daem-de-san-esteban-inauguraron-nuevo-y-moderno-sistema-para-iluminar-en-su-totalidad-el-liceo-san-esteban","status":"publish","type":"post","link":"https:\/\/lavozdesanesteban.cl\/index.php\/2024\/04\/25\/municipio-y-daem-de-san-esteban-inauguraron-nuevo-y-moderno-sistema-para-iluminar-en-su-totalidad-el-liceo-san-esteban\/","title":{"rendered":"Municipio y DAEM de San Esteban inauguraron nuevo y moderno sistema para iluminar en su totalidad el Liceo San Esteban"},"content":{"rendered":"\n<p><\/p>\n\n\n\n<ul><li>El proyecto, avaluado en 8 millones de pesos, fue inaugurado por el alcalde Ortega en compa\u00f1\u00eda de autoridades y comunidad educativa, quienes valoraron la instalaci\u00f3n de luminarias y focos en su nueva cancha de futbolito, en el frontis y en el jard\u00edn del establecimiento para que as\u00ed los alumnos y talleres deportivos puedan utilizarla sin problemas.<\/li><\/ul>\n\n\n\n<p>Como un gran avance en la recuperaci\u00f3n y renovaci\u00f3n de espacios fueron catalogadas las mejoras de iluminaci\u00f3n para el Liceo San Esteban, logradas gracias a un trabajo mancomunado entre la Municipalidad, la Oficina de Deportes y el Departamento de Educaci\u00f3n Municipal.<\/p>\n\n\n\n<p>En una solemne ceremonia, que cont\u00f3 con la presencia de autoridades locales y provinciales, encabezadas por el alcalde Christian Ortega, sumado a la comunidad de la modalidad vespertino del establecimiento, se inauguraron las nuevas luminarias del Liceo San Esteban. El proyecto, que tuvo una inversi\u00f3n que bordea los 8 millones de pesos, consisti\u00f3 en la instalaci\u00f3n de 25 luminarias en todo el per\u00edmetro del Liceo: en el frontis, en los pasillos, en el jard\u00edn y en la nueva cancha de futbolito, que permitir\u00e1 contar con un espacio m\u00e1s iluminado y seguro para la pr\u00e1ctica deportiva de alumnos y talleristas.<\/p>\n\n\n\n<p>Cabe resaltar que este proyecto viene a complementar la concreci\u00f3n de la anhelada cancha de pasto sint\u00e9tico, que fue una solicitud de los propios alumnos y que fue inaugurada el 2023.<\/p>\n\n\n\n<p>Precisamente, el alcalde Christian Ortega se mostr\u00f3 muy feliz de poder contar con este espacio, afirmando que \u201cjunto a las comunidades del Liceo San Esteban, estamos muy contentos, porque hemos logrado inaugurar distintos proyectos relevantes en el establecimiento. Este nuevo sistema de iluminaci\u00f3n permitir\u00e1 la pr\u00e1ctica deportiva durante la noche en esta cancha, que acondicionamos y construimos especialmente para los alumnos. Hemos trabajado mucho para brind\u00e1rselos a nuestros estudiantes y j\u00f3venes. Pero no solo iluminamos la cancha, a un costado tenemos la cancha de volleyball playa y los jardines del establecimiento, este es un compromiso con los estudiantes que estamos entregando y que, sin duda, desarrollamos un espacio deportivo para la comuna de San Esteban\u201d, afirm\u00f3.<\/p>\n\n\n\n<p>Por su parte, Rafael Contreras, estudiante del Liceo San Esteban destac\u00f3 la labor desarrollada por los equipos del establecimiento, del municipio y de DAEM, que permiti\u00f3 generar una acci\u00f3n coordinada que dio positivos frutos: \u201cLa verdad, es que me parece una linda iniciativa. Me parece muy bien que hayan podido iluminar el Liceo y la cancha, que era un sector que estaba muerto. Qued\u00f3 muy bonito y apta para todos los tipos de deportes, as\u00ed que espero que sea \u00fatil, que la cuidemos y esta iluminaci\u00f3n me parece perfecta para el desarrollo de cualquier deporte en horario nocturno\u201d, finaliz\u00f3.<\/p>\n","protected":false},"excerpt":{"rendered":"<p>El proyecto, avaluado en 8 millones de pesos, fue inaugurado por el alcalde Ortega en compa\u00f1\u00eda de autoridades y comunidad educativa, quienes valoraron la instalaci\u00f3n de luminarias y focos en su nueva cancha de futbolito, en el frontis y en el jard\u00edn del establecimiento para que as\u00ed los alumnos y talleres deportivos puedan utilizarla sin &hellip;<\/p>\n","protected":false},"author":2,"featured_media":4142,"comment_status":"open","ping_status":"open","sticky":false,"template":"","format":"standard","meta":{"spay_email":""},"categories":[2],"tags":[8],"jetpack_featured_media_url":"https:\/\/lavozdesanesteban.cl\/wp-content\/uploads\/2024\/04\/INAUGURACION-ILUMINACION-LICEO-SAN-ESTEBAN.jpeg","_links":{"self":[{"href":"https:\/\/lavozdesanesteban.cl\/index.php\/wp-json\/wp\/v2\/posts\/4141"}],"collection":[{"href":"https:\/\/lavozdesanesteban.cl\/index.php\/wp-json\/wp\/v2\/posts"}],"about":[{"href":"https:\/\/lavozdesanesteban.cl\/index.php\/wp-json\/wp\/v2\/types\/post"}],"author":[{"embeddable":true,"href":"https:\/\/lavozdesanesteban.cl\/index.php\/wp-json\/wp\/v2\/users\/2"}],"replies":[{"embeddable":true,"href":"https:\/\/lavozdesanesteban.cl\/index.php\/wp-json\/wp\/v2\/comments?post=4141"}],"version-history":[{"count":1,"href":"https:\/\/lavozdesanesteban.cl\/index.php\/wp-json\/wp\/v2\/posts\/4141\/revisions"}],"predecessor-version":[{"id":4143,"href":"https:\/\/lavozdesanesteban.cl\/index.php\/wp-json\/wp\/v2\/posts\/4141\/revisions\/4143"}],"wp:featuredmedia":[{"embeddable":true,"href":"https:\/\/lavozdesanesteban.cl\/index.php\/wp-json\/wp\/v2\/media\/4142"}],"wp:attachment":[{"href":"https:\/\/lavozdesanesteban.cl\/index.php\/wp-json\/wp\/v2\/media?parent=4141"}],"wp:term":[{"taxonomy":"category","embeddable":true,"href":"https:\/\/lavozdesanesteban.cl\/index.php\/wp-json\/wp\/v2\/categories?post=4141"},{"taxonomy":"post_tag","embeddable":true,"href":"https:\/\/lavozdesanesteban.cl\/index.php\/wp-json\/wp\/v2\/tags?post=4141"}],"curies":[{"name":"wp","href":"https:\/\/api.w.org\/{rel}","templated":true}]}}