{"id":4144,"date":"2024-04-25T03:01:58","date_gmt":"2024-04-25T03:01:58","guid":{"rendered":"https:\/\/lavozdesanesteban.cl\/?p=4144"},"modified":"2024-04-25T03:01:59","modified_gmt":"2024-04-25T03:01:59","slug":"programa-espacio-amigable-para-adolescentes-de-san-esteban-comenzo-a-realizar-talleres-de-nutricion-en-escuelas","status":"publish","type":"post","link":"https:\/\/lavozdesanesteban.cl\/index.php\/2024\/04\/25\/programa-espacio-amigable-para-adolescentes-de-san-esteban-comenzo-a-realizar-talleres-de-nutricion-en-escuelas\/","title":{"rendered":"Programa \u201cEspacio amigable\u201d para adolescentes de San Esteban comenz\u00f3 a realizar talleres de nutrici\u00f3n en escuelas"},"content":{"rendered":"\n<p><\/p>\n\n\n\n<ul><li>Las profesionales del Departamento de Salud de San Esteban intervinieron los cursos de sexto y s\u00e9ptimo b\u00e1sico de la escuela El Coraz\u00f3n.<\/li><\/ul>\n\n\n\n<p>Este 2024 el programa \u201cEspacio Amigable\u201d para adolescentes del Departamento de San Esteban, realizar\u00e1 una serie de actividades e iniciativas enfocadas en mejorar la salud de las y los estudiantes de los establecimientos educacionales que hay en la comuna. Para dar comienzo a las intervenciones del programa, las profesionales desarrollaron un taller a los sextos y s\u00e9ptimos b\u00e1sicos de la escuela El Coraz\u00f3n, ubicada en el Cari\u00f1o Botado.<\/p>\n\n\n\n<p>En esta oportunidad, la trabajadora social, nutricionista y matrona del programa, conversaron con los 51 alumnos sobre tem\u00e1ticas de nutrici\u00f3n, afectividad y; derechos y deberes.<\/p>\n\n\n\n<p>\u201cDimos inicio a los talleres de Espacio Amigable, dentro de estos abarcamos a una poblaci\u00f3n que va desde los 10 a los 19 a\u00f1os. En este rango, estamos tomando los colegios de la b\u00e1sica de quinto a octavo, donde estamos tratando efectividad, sexualidad, alcohol y drogas, alimentaci\u00f3n saludable, derechos y deberes de los ni\u00f1os. Por otra parte tambi\u00e9n estamos trabajando desde primero a cuarto medio del Liceo San Esteban\u201d, agreg\u00f3 Francisca Videla, nutricionista encargada del programa.<\/p>\n\n\n\n<p>Cabe destacar que este programa ofrece, gratuitamente, atenciones de salud integrales a los adolescentes entre los 10 y 19 a\u00f1os, evaluando su estado de salud, crecimiento y desarrollo, adem\u00e1s de ser una de las primeras entradas de estudiantes al cuidado de su salud. El 2023, este programa en San Esteban estuvo realizando atenciones en el Liceo San Esteban, donde las y los alumnos pod\u00edan asistir a resolver, en el mismo establecimiento educacional, sus dudas sobre sexualidad, nutrici\u00f3n y beneficios sociales.<\/p>\n","protected":false},"excerpt":{"rendered":"<p>Las profesionales del Departamento de Salud de San Esteban intervinieron los cursos de sexto y s\u00e9ptimo b\u00e1sico de la escuela El Coraz\u00f3n. Este 2024 el programa \u201cEspacio Amigable\u201d para adolescentes del Departamento de San Esteban, realizar\u00e1 una serie de actividades e iniciativas enfocadas en mejorar la salud de las y los estudiantes de los establecimientos &hellip;<\/p>\n","protected":false},"author":2,"featured_media":4145,"comment_status":"open","ping_status":"open","sticky":false,"template":"","format":"standard","meta":{"spay_email":""},"categories":[2],"tags":[8],"jetpack_featured_media_url":"https:\/\/lavozdesanesteban.cl\/wp-content\/uploads\/2024\/04\/Taller-Adolescentes-San-Esteban-2.jpeg","_links":{"self":[{"href":"https:\/\/lavozdesanesteban.cl\/index.php\/wp-json\/wp\/v2\/posts\/4144"}],"collection":[{"href":"https:\/\/lavozdesanesteban.cl\/index.php\/wp-json\/wp\/v2\/posts"}],"about":[{"href":"https:\/\/lavozdesanesteban.cl\/index.php\/wp-json\/wp\/v2\/types\/post"}],"author":[{"embeddable":true,"href":"https:\/\/lavozdesanesteban.cl\/index.php\/wp-json\/wp\/v2\/users\/2"}],"replies":[{"embeddable":true,"href":"https:\/\/lavozdesanesteban.cl\/index.php\/wp-json\/wp\/v2\/comments?post=4144"}],"version-history":[{"count":1,"href":"https:\/\/lavozdesanesteban.cl\/index.php\/wp-json\/wp\/v2\/posts\/4144\/revisions"}],"predecessor-version":[{"id":4146,"href":"https:\/\/lavozdesanesteban.cl\/index.php\/wp-json\/wp\/v2\/posts\/4144\/revisions\/4146"}],"wp:featuredmedia":[{"embeddable":true,"href":"https:\/\/lavozdesanesteban.cl\/index.php\/wp-json\/wp\/v2\/media\/4145"}],"wp:attachment":[{"href":"https:\/\/lavozdesanesteban.cl\/index.php\/wp-json\/wp\/v2\/media?parent=4144"}],"wp:term":[{"taxonomy":"category","embeddable":true,"href":"https:\/\/lavozdesanesteban.cl\/index.php\/wp-json\/wp\/v2\/categories?post=4144"},{"taxonomy":"post_tag","embeddable":true,"href":"https:\/\/lavozdesanesteban.cl\/index.php\/wp-json\/wp\/v2\/tags?post=4144"}],"curies":[{"name":"wp","href":"https:\/\/api.w.org\/{rel}","templated":true}]}}