{"id":4147,"date":"2024-04-25T03:05:25","date_gmt":"2024-04-25T03:05:25","guid":{"rendered":"https:\/\/lavozdesanesteban.cl\/?p=4147"},"modified":"2024-04-25T03:05:29","modified_gmt":"2024-04-25T03:05:29","slug":"mas-de-200-alumnos-de-todos-los-establecimientos-de-san-esteban-participaron-en-la-exitosa-celebracion-del-dia-del-libro","status":"publish","type":"post","link":"https:\/\/lavozdesanesteban.cl\/index.php\/2024\/04\/25\/mas-de-200-alumnos-de-todos-los-establecimientos-de-san-esteban-participaron-en-la-exitosa-celebracion-del-dia-del-libro\/","title":{"rendered":"M\u00e1s de 200 alumnos de todos los establecimientos de San Esteban participaron en la exitosa celebraci\u00f3n del D\u00eda del Libro"},"content":{"rendered":"\n<p><\/p>\n\n\n\n<ul><li>Esta instancia permiti\u00f3 conocer los trabajos que han desarrollado los establecimientos educacionales, todo esto con el objetivo de generar y conocer formas de fomentar la lectura de una manera entretenida.<\/li><\/ul>\n\n\n\n<p>En el marco del D\u00eda Internacional del Libro (23 de abril), es que el Departamento de Educaci\u00f3n Municipal de San Esteban, mediante un trabajo mancomunado entre la red pedag\u00f3gica de Lenguaje con la red del CRA (Centro de Recursos para el Aprendizaje) desarrollaron una actividad para celebrar esta importante fecha en el calendario escolar. Se trat\u00f3 de una feria escolar en la Plaza de Armas, que logr\u00f3 reunir a todos los establecimientos educacionales de la comuna, contando con una participaci\u00f3n de m\u00e1s de 200 escolares, junto a sus docentes y asistentes de la educaci\u00f3n.<\/p>\n\n\n\n<p>Durante la instancia, compartieron sus experiencias y sus respectivas metodolog\u00edas de ense\u00f1anza de lectura de una manera entretenida, entre las que se observaron la creaci\u00f3n de historias a partir de dibujos, juegos interactivos con palabras, una demostraci\u00f3n art\u00edstica de libros, personajes hist\u00f3ricos de nuestro pa\u00eds, como Gabriela Mistral y Pablo Neruda, historias y leyendas que trabajan en clases, entre otros.<\/p>\n\n\n\n<p>Precisamente, y debido al \u00e9xito del evento, es que Paulina Riquelme, coordinadora comunal de la red pedag\u00f3gica de Lenguaje, destac\u00f3 su realizaci\u00f3n y agreg\u00f3 que \u201cEstamos muy contentos por el trabajo que se realiz\u00f3, de poder diversificar el aprendizaje. Realizar esta actividad y estas demostraciones art\u00edsticas son ideas maravillosas, donde los ni\u00f1os y ni\u00f1as pueden disfrutar de la lectura, no solo leyendo, sino demostr\u00e1ndolo de diferentes maneras, con los stands, con el trabajo que realizaron a diario cada comunidad educativa\u201d.<\/p>\n\n\n\n<p>Por su parte, los estudiantes Estefan\u00eda Mu\u00f1oz (Esc. Silvio Zenteno \u2013 8\u00b0 b\u00e1sico) y Rodrigo Cortez (Esc. Hermano Fernando de la Fuente \u2013 4\u00b0 b\u00e1sico), que participaron de esta actividad disfrutaron enormemente de esta instancia, comentando que \u201cfue una actividad muy entretenida y que debiese hacerse m\u00e1s, para que tengamos entretenci\u00f3n y diferentes maneras de aprender y tambi\u00e9n poder ense\u00f1arles a los ni\u00f1os m\u00e1s peque\u00f1os la cultura de leer un libro\u201d, \u201cestuvo buena la actividad, me gust\u00f3 harto porque pod\u00edamos leer varias leyendas, (en el stand del Liceo San Esteban) ten\u00edan una leyenda del sol y la luna y tambi\u00e9n hab\u00edan varios puestos, me gust\u00f3\u201d, finalizaron.<\/p>\n","protected":false},"excerpt":{"rendered":"<p>Esta instancia permiti\u00f3 conocer los trabajos que han desarrollado los establecimientos educacionales, todo esto con el objetivo de generar y conocer formas de fomentar la lectura de una manera entretenida. En el marco del D\u00eda Internacional del Libro (23 de abril), es que el Departamento de Educaci\u00f3n Municipal de San Esteban, mediante un trabajo mancomunado &hellip;<\/p>\n","protected":false},"author":2,"featured_media":4148,"comment_status":"open","ping_status":"open","sticky":false,"template":"","format":"standard","meta":{"spay_email":""},"categories":[2],"tags":[8],"jetpack_featured_media_url":"https:\/\/lavozdesanesteban.cl\/wp-content\/uploads\/2024\/04\/CELEBRACION-DIA-DEL-LIBRO-2024.jpg","_links":{"self":[{"href":"https:\/\/lavozdesanesteban.cl\/index.php\/wp-json\/wp\/v2\/posts\/4147"}],"collection":[{"href":"https:\/\/lavozdesanesteban.cl\/index.php\/wp-json\/wp\/v2\/posts"}],"about":[{"href":"https:\/\/lavozdesanesteban.cl\/index.php\/wp-json\/wp\/v2\/types\/post"}],"author":[{"embeddable":true,"href":"https:\/\/lavozdesanesteban.cl\/index.php\/wp-json\/wp\/v2\/users\/2"}],"replies":[{"embeddable":true,"href":"https:\/\/lavozdesanesteban.cl\/index.php\/wp-json\/wp\/v2\/comments?post=4147"}],"version-history":[{"count":1,"href":"https:\/\/lavozdesanesteban.cl\/index.php\/wp-json\/wp\/v2\/posts\/4147\/revisions"}],"predecessor-version":[{"id":4149,"href":"https:\/\/lavozdesanesteban.cl\/index.php\/wp-json\/wp\/v2\/posts\/4147\/revisions\/4149"}],"wp:featuredmedia":[{"embeddable":true,"href":"https:\/\/lavozdesanesteban.cl\/index.php\/wp-json\/wp\/v2\/media\/4148"}],"wp:attachment":[{"href":"https:\/\/lavozdesanesteban.cl\/index.php\/wp-json\/wp\/v2\/media?parent=4147"}],"wp:term":[{"taxonomy":"category","embeddable":true,"href":"https:\/\/lavozdesanesteban.cl\/index.php\/wp-json\/wp\/v2\/categories?post=4147"},{"taxonomy":"post_tag","embeddable":true,"href":"https:\/\/lavozdesanesteban.cl\/index.php\/wp-json\/wp\/v2\/tags?post=4147"}],"curies":[{"name":"wp","href":"https:\/\/api.w.org\/{rel}","templated":true}]}}