{"id":4150,"date":"2024-04-30T03:19:00","date_gmt":"2024-04-30T03:19:00","guid":{"rendered":"https:\/\/lavozdesanesteban.cl\/?p=4150"},"modified":"2024-04-30T03:19:03","modified_gmt":"2024-04-30T03:19:03","slug":"alcalde-manuel-rivera-rindio-cuenta-publica-2023-el-carino-se-demuestra-con-acciones","status":"publish","type":"post","link":"https:\/\/lavozdesanesteban.cl\/index.php\/2024\/04\/30\/alcalde-manuel-rivera-rindio-cuenta-publica-2023-el-carino-se-demuestra-con-acciones\/","title":{"rendered":"Alcalde Manuel Rivera rindi\u00f3 Cuenta P\u00fablica 2023: \u201cEl cari\u00f1o se demuestra con acciones\u201d"},"content":{"rendered":"\n<p><\/p>\n\n\n\n<p><em>Una Masiva asistencia de vecinos y vecinas caracteriz\u00f3 la Cuenta P\u00fablica a la gesti\u00f3n 2023 que el alcalde rindi\u00f3 frente a unas 600 personas, principalmente dirigentes sociales que se convocaron, en el frontis de la ex estaci\u00f3n de trenes de Avda. Carlos D\u00edaz.<\/em><\/p>\n\n\n\n<p>En un escenario natural y al aire libre, lugar simb\u00f3lico de la comuna de Los Andes, el alcalde Manuel Rivera Mart\u00ednez, en una sesi\u00f3n extraordinaria del Honorable Concejo Municipal entreg\u00f3 la Cuenta P\u00fablica gesti\u00f3n 2023 a la comunidad andina. Frente a m\u00e1s de 600 personas present\u00f3 el trabajo realizado por los equipos municipales el a\u00f1o pasado en t\u00f3picos tan importantes como: seguridad p\u00fablica, gesti\u00f3n de la ciudad, familia y comunidad, medio ambiente, educaci\u00f3n, salud, medio ambiente y administraci\u00f3n.<\/p>\n\n\n\n<p>Doce meses de mucho trabajo con un presupuesto de M$18.844.999, se ejecutaron peque\u00f1as, medianas y grandes acciones, cuyo principal objetivo es el mejoramiento de la ciudad, que vibra en torno a la familia y sus tradiciones.<\/p>\n\n\n\n<figure class=\"wp-block-gallery columns-1 is-cropped\"><ul class=\"blocks-gallery-grid\"><li class=\"blocks-gallery-item\"><figure><img loading=\"lazy\" width=\"1024\" height=\"682\" src=\"https:\/\/lavozdesanesteban.cl\/wp-content\/uploads\/2024\/04\/CUENTA-1024x682.jpeg\" alt=\"\" data-id=\"4152\" data-full-url=\"https:\/\/lavozdesanesteban.cl\/wp-content\/uploads\/2024\/04\/CUENTA.jpeg\" data-link=\"https:\/\/lavozdesanesteban.cl\/?attachment_id=4152\" class=\"wp-image-4152\" srcset=\"https:\/\/lavozdesanesteban.cl\/wp-content\/uploads\/2024\/04\/CUENTA-1024x682.jpeg 1024w, https:\/\/lavozdesanesteban.cl\/wp-content\/uploads\/2024\/04\/CUENTA-300x200.jpeg 300w, https:\/\/lavozdesanesteban.cl\/wp-content\/uploads\/2024\/04\/CUENTA-768x512.jpeg 768w, https:\/\/lavozdesanesteban.cl\/wp-content\/uploads\/2024\/04\/CUENTA-1536x1023.jpeg 1536w, https:\/\/lavozdesanesteban.cl\/wp-content\/uploads\/2024\/04\/CUENTA-310x205.jpeg 310w, https:\/\/lavozdesanesteban.cl\/wp-content\/uploads\/2024\/04\/CUENTA.jpeg 1600w\" sizes=\"(max-width: 1024px) 100vw, 1024px\" \/><\/figure><\/li><\/ul><\/figure>\n\n\n\n<p>El alcalde Manuel Rivera enfatiz\u00f3: \u201cme llena de orgullo y satisfacci\u00f3n esta cuenta, porque creo que en todas estas acciones, actividades y proyectos est\u00e1 el cari\u00f1o reflejado hacia una gesti\u00f3n que nadie puede indicar con el dedo. En el a\u00f1o 2023 ya dejamos atr\u00e1s la pandemia y pudimos seguir demostrando el cari\u00f1o por una ciudad, por sus vecinos y eso se demuestra con acciones. Hemos resucitado, en buenas palabras, la educaci\u00f3n p\u00fablica municipal. Hemos sacado adelante el deporte, la cultura, el patrimonio. Hay obras que van a ser perecederas y que por lo tanto me tienen llena de satisfacci\u00f3n. Y por, sobre todo, como lo dije, con m\u00e1s fuerza que nunca para seguir siendo alcalde\u201d.<\/p>\n\n\n\n<p>Deyanira Godoy, integrante del Consejo Consultivo de la OPD, coment\u00f3 que \u201cfuimos convocados a participar con en una jornada dialogo con el alcalde, donde expusimos nuestras aprehensiones en torno a la seguridad, sobre todo en el trayecto de casa a los colegios. Se lo planteamos, intentamos tener nuestro momento con \u00e9l y logr\u00f3 cumplir nuestras expectativas. Nos tom\u00f3 en cuenta con nuestras iniciativas tambi\u00e9n, con nuestras preocupaciones\u201d.<\/p>\n\n\n\n<p>Filomena Moyano, presidenta de la Agrupaci\u00f3n de la Discapacidad \u201cAmigos sin Frontera\u201d. \u201cNosotros nos comenzamos a trabajar el 30 de diciembre, reci\u00e9n somos nuevitos. Me encontr\u00e9 excelente, todo lo que habl\u00f3 el alcalde, muy buena cuenta p\u00fablica, excelente. Y \u00e9l es muy humano, siempre est\u00e1 con nosotros y muy bien, todo muy bien, s\u00ed.<\/p>\n\n\n\n<p>Lucinda Abarca vecina de Los Andes, dijo que \u201cesta exposici\u00f3n se ve harto trabajo, harto realizado, harto por hacer. Como en todo, ordenando cosas, pero bien, excelente. Muy buen alcalde, muy aceptando a la gente. Donde ve, te saluda, muy cordial, todo muy bien\u201d.<\/p>\n","protected":false},"excerpt":{"rendered":"<p>Una Masiva asistencia de vecinos y vecinas caracteriz\u00f3 la Cuenta P\u00fablica a la gesti\u00f3n 2023 que el alcalde rindi\u00f3 frente a unas 600 personas, principalmente dirigentes sociales que se convocaron, en el frontis de la ex estaci\u00f3n de trenes de Avda. Carlos D\u00edaz. En un escenario natural y al aire libre, lugar simb\u00f3lico de la &hellip;<\/p>\n","protected":false},"author":2,"featured_media":4151,"comment_status":"open","ping_status":"open","sticky":false,"template":"","format":"standard","meta":{"spay_email":""},"categories":[7],"tags":[8],"jetpack_featured_media_url":"https:\/\/lavozdesanesteban.cl\/wp-content\/uploads\/2024\/04\/ALCALDE-CUENTA.jpeg","_links":{"self":[{"href":"https:\/\/lavozdesanesteban.cl\/index.php\/wp-json\/wp\/v2\/posts\/4150"}],"collection":[{"href":"https:\/\/lavozdesanesteban.cl\/index.php\/wp-json\/wp\/v2\/posts"}],"about":[{"href":"https:\/\/lavozdesanesteban.cl\/index.php\/wp-json\/wp\/v2\/types\/post"}],"author":[{"embeddable":true,"href":"https:\/\/lavozdesanesteban.cl\/index.php\/wp-json\/wp\/v2\/users\/2"}],"replies":[{"embeddable":true,"href":"https:\/\/lavozdesanesteban.cl\/index.php\/wp-json\/wp\/v2\/comments?post=4150"}],"version-history":[{"count":1,"href":"https:\/\/lavozdesanesteban.cl\/index.php\/wp-json\/wp\/v2\/posts\/4150\/revisions"}],"predecessor-version":[{"id":4153,"href":"https:\/\/lavozdesanesteban.cl\/index.php\/wp-json\/wp\/v2\/posts\/4150\/revisions\/4153"}],"wp:featuredmedia":[{"embeddable":true,"href":"https:\/\/lavozdesanesteban.cl\/index.php\/wp-json\/wp\/v2\/media\/4151"}],"wp:attachment":[{"href":"https:\/\/lavozdesanesteban.cl\/index.php\/wp-json\/wp\/v2\/media?parent=4150"}],"wp:term":[{"taxonomy":"category","embeddable":true,"href":"https:\/\/lavozdesanesteban.cl\/index.php\/wp-json\/wp\/v2\/categories?post=4150"},{"taxonomy":"post_tag","embeddable":true,"href":"https:\/\/lavozdesanesteban.cl\/index.php\/wp-json\/wp\/v2\/tags?post=4150"}],"curies":[{"name":"wp","href":"https:\/\/api.w.org\/{rel}","templated":true}]}}