{"id":4154,"date":"2024-04-30T03:27:52","date_gmt":"2024-04-30T03:27:52","guid":{"rendered":"https:\/\/lavozdesanesteban.cl\/?p=4154"},"modified":"2024-04-30T03:27:56","modified_gmt":"2024-04-30T03:27:56","slug":"en-primera-sesion-de-trabajo-se-constituye-comision-alto-aconcagua-con-autoridades-y-comunidad-de-la-zona","status":"publish","type":"post","link":"https:\/\/lavozdesanesteban.cl\/index.php\/2024\/04\/30\/en-primera-sesion-de-trabajo-se-constituye-comision-alto-aconcagua-con-autoridades-y-comunidad-de-la-zona\/","title":{"rendered":"En primera sesi\u00f3n de trabajo se constituye Comisi\u00f3n Alto Aconcagua con autoridades y comunidad de la zona"},"content":{"rendered":"\n<p><\/p>\n\n\n\n<p><strong>\u00a0\u00a0\u00a0\u00a0\u00a0\u00a0\u00a0\u00a0 <\/strong>&#8211; Gobernador Rodrigo Mundaca convoc\u00f3 a diversos actores para avanzar en la protecci\u00f3n medioambiental del Valle del Aconcagua y el Parque Andino Juncal,\u00a0 constituyendo as\u00ed una reserva estrat\u00e9gica de agua dulce para la regi\u00f3n.<\/p>\n\n\n\n<p><strong>\u00a0\u00a0\u00a0\u00a0\u00a0\u00a0\u00a0\u00a0\u00a0\u00a0\u00a0\u00a0\u00a0\u00a0\u00a0\u00a0\u00a0\u00a0\u00a0\u00a0\u00a0\u00a0\u00a0\u00a0\u00a0\u00a0\u00a0\u00a0\u00a0\u00a0\u00a0\u00a0\u00a0\u00a0\u00a0\u00a0\u00a0\u00a0\u00a0\u00a0\u00a0\u00a0\u00a0\u00a0\u00a0\u00a0\u00a0\u00a0\u00a0\u00a0\u00a0\u00a0\u00a0\u00a0\u00a0\u00a0\u00a0\u00a0\u00a0\u00a0\u00a0\u00a0\u00a0\u00a0\u00a0\u00a0\u00a0\u00a0\u00a0\u00a0\u00a0\u00a0<\/strong><\/p>\n\n\n\n<p>Con el objetivo de formalizar una instancia de trabajo intersectorial para aunar esfuerzos en defensa de los ecosistemas del Valle del Aconcagua, y -en particular- del Parque Andino Juncal de Los Andes, el Gobernador Regional de Valpara\u00edso, Rodrigo Mundaca, se reuni\u00f3 en la comuna de San Esteban con distintas autoridades y actores relevantes de la zona, constituyendo as\u00ed la Comisi\u00f3n Alto Aconcagua que tendr\u00e1 por prop\u00f3sito consagrar una reserva estrat\u00e9gica de agua dulce para la zona y la Regi\u00f3n de Valpara\u00edso.<\/p>\n\n\n\n<p>De esta forma, durante la sesi\u00f3n se abord\u00f3 la situaci\u00f3n de los r\u00edos Juncal y Roc\u00edn de la zona, la crisis h\u00eddrica que afecta al valle, adem\u00e1s de presentar una propuesta de trabajo que integre acciones inmediatas para la protecci\u00f3n de las cuencas de estos r\u00edos, junto con relevar la importancia de fortalecer la institucionalidad del Gobierno Regional y municipios en esta materia. Igualmente, se avanz\u00f3 en el mapeo de diagn\u00f3stico para la protecci\u00f3n ecosist\u00e9mica de la cabecera de cuenca del R\u00edo Aconcagua, al igual que proyectar una agenda legislativa para la protecci\u00f3n de estos.<\/p>\n\n\n\n<p>En la oportunidad participaron los alcaldes de San Esteban, Christian Ortega, de Catemu, Rodrigo D\u00edaz; de Santa Maria, Manuel Le\u00f3n; de Putaendo, Mauricio Quiroz; de Panquehue; Gonzalo Vergara;&nbsp; los consejeros regionales Mar\u00eda Victoria Rodriguez, Edith Quiroz, y Eduardo Le\u00f3n. Tambi\u00e9n presentes estuvieron el director regional de la Direcci\u00f3n General de Aguas, Camilo Mansilla, miembros de APRs de la zona, juntas de vigilancia del R\u00edo Aconcagua, representantes del Parque Andino Juncal, adem\u00e1s de organizaciones sociales del Valle de Aconcagua.<\/p>\n\n\n\n<p>El <strong>Gobernador Regional de Valpara\u00edso, Rodrigo Mundaca,<\/strong> destac\u00f3 la creaci\u00f3n de la instancia, recalcando que \u201cEsto nace a la luz de la batalla por la defensa del Parque Andino Juncal, y tambi\u00e9n surge a partir de la defensa que ha hecho el alcalde Mauricio Quiroz del r\u00edo Roc\u00edn (\u2026) Hemos tenido la primera sesi\u00f3n de trabajo donde se han entregado una serie de planteamientos, delineamientos, m\u00e1s de treinta iniciativas que tienen que ver con constituir una reserva estrat\u00e9gica de agua dulce para el Aconcagua. Esta es la primera sesi\u00f3n y hemos quedado en acuerdo de que cada instituci\u00f3n, cada organismo, cada organizaci\u00f3n va a destinar un integrante para constituir una mesa de trabajo que haga s\u00edntesis y transforme la iniciativa en pol\u00edtica p\u00fablica para -precisamente- proteger todas las cabeceras de los r\u00edos, todos los cuerpos de agua, pero tambi\u00e9n esa pol\u00edtica p\u00fablica se transforme en una gu\u00eda, en un camino, en un prop\u00f3sito de -finalmente- consagrar el agua como un bien com\u00fan y como un derecho humano\u201d.<\/p>\n\n\n\n<figure class=\"wp-block-gallery columns-1 is-cropped\"><ul class=\"blocks-gallery-grid\"><li class=\"blocks-gallery-item\"><figure><img loading=\"lazy\" width=\"1024\" height=\"683\" src=\"https:\/\/lavozdesanesteban.cl\/wp-content\/uploads\/2024\/04\/COMISION-2-1024x683.jpg\" alt=\"\" data-id=\"4155\" data-full-url=\"https:\/\/lavozdesanesteban.cl\/wp-content\/uploads\/2024\/04\/COMISION-2.jpg\" data-link=\"https:\/\/lavozdesanesteban.cl\/?attachment_id=4155\" class=\"wp-image-4155\" srcset=\"https:\/\/lavozdesanesteban.cl\/wp-content\/uploads\/2024\/04\/COMISION-2-1024x683.jpg 1024w, https:\/\/lavozdesanesteban.cl\/wp-content\/uploads\/2024\/04\/COMISION-2-300x200.jpg 300w, https:\/\/lavozdesanesteban.cl\/wp-content\/uploads\/2024\/04\/COMISION-2-768x512.jpg 768w, https:\/\/lavozdesanesteban.cl\/wp-content\/uploads\/2024\/04\/COMISION-2-1536x1024.jpg 1536w, https:\/\/lavozdesanesteban.cl\/wp-content\/uploads\/2024\/04\/COMISION-2.jpg 1620w\" sizes=\"(max-width: 1024px) 100vw, 1024px\" \/><\/figure><\/li><\/ul><\/figure>\n\n\n\n<p>Por su parte, el<strong> alcalde de San Esteban, Christian Ortega,<\/strong> se\u00f1al\u00f3 que \u201cHoy d\u00eda marcamos un hito muy importante:&nbsp; autoridades, el gobernador regional, y distintas comunidades referentes a poder tener una reserva h\u00eddrica regional y protegerla, por la importancia que tiene hoy d\u00eda el cord\u00f3n monta\u00f1oso del r\u00edo Aconcagua. Hoy d\u00eda estamos enfrentando la situaci\u00f3n del parque Juncal, pero sin duda que tenemos que trabajar pensando en el futuro, en la protecci\u00f3n de toda la cuenca, en la protecci\u00f3n de toda la cordillera y, por sobre todo, en las reservas de agua de la regi\u00f3n de Valpara\u00edso\u201d.<\/p>\n\n\n\n<p>El <strong>alcalde de Putaendo, Mauricio Quiroz<\/strong>, agradeci\u00f3 la constituci\u00f3n de la comisi\u00f3n, manifestando que \u201cCada d\u00eda que pasa se van juntando m\u00e1s voluntades a la perspectiva de la protecci\u00f3n de la cordillera, ya no solo de Putaendo, sino de la cordillera de todo el Aconcagua. Los proyectos mineros extractivistas que est\u00e1n amenazando la continuidad de las comunidades en estos territorios, y los recursos ecosist\u00e9micos de aquellos, efectivamente nos han unido. Ciframos buenas esperanzas y perspectivas en torno a poder generar una l\u00ednea base de toda la cordillera de la regi\u00f3n de Valpara\u00edso e ir instalando distintos tipos de protecci\u00f3n, ya sea a trav\u00e9s de parques nacionales, los antiguos santuarios de la naturaleza. En rigor, que nos demos cuenta de que el agua, al ser un elemento estrat\u00e9gico para el desarrollo y para la vida, debe ser protegida\u201d.<\/p>\n\n\n\n<p>Finalmente, <strong>Tomas Dinges, Jefe de operaciones del Parque Andino Juncal, <\/strong>concluy\u00f3 que \u201cNosotros vemos hoy d\u00eda una culminaci\u00f3n de inter\u00e9s y colaboraci\u00f3n de trabajar en conjunto sobre una reserva estrat\u00e9gica h\u00eddrica que partir\u00eda en el valle Juncal. De por s\u00ed ser\u00eda s\u00faper positivo para poder garantizar la protecci\u00f3n de los humedales, de los glaciares, de los r\u00edos, y todo lo que otorga el agua pr\u00edstina para el R\u00edo Aconcagua\u201d.<\/p>\n","protected":false},"excerpt":{"rendered":"<p>\u00a0\u00a0\u00a0\u00a0\u00a0\u00a0\u00a0\u00a0 &#8211; Gobernador Rodrigo Mundaca convoc\u00f3 a diversos actores para avanzar en la protecci\u00f3n medioambiental del Valle del Aconcagua y el Parque Andino Juncal,\u00a0 constituyendo as\u00ed una reserva estrat\u00e9gica de agua dulce para la regi\u00f3n. \u00a0\u00a0\u00a0\u00a0\u00a0\u00a0\u00a0\u00a0\u00a0\u00a0\u00a0\u00a0\u00a0\u00a0\u00a0\u00a0\u00a0\u00a0\u00a0\u00a0\u00a0\u00a0\u00a0\u00a0\u00a0\u00a0\u00a0\u00a0\u00a0\u00a0\u00a0\u00a0\u00a0\u00a0\u00a0\u00a0\u00a0\u00a0\u00a0\u00a0\u00a0\u00a0\u00a0\u00a0\u00a0\u00a0\u00a0\u00a0\u00a0\u00a0\u00a0\u00a0\u00a0\u00a0\u00a0\u00a0\u00a0\u00a0\u00a0\u00a0\u00a0\u00a0\u00a0\u00a0\u00a0\u00a0\u00a0\u00a0\u00a0\u00a0\u00a0\u00a0 Con el objetivo de formalizar una instancia de trabajo intersectorial para aunar esfuerzos en defensa de los ecosistemas del &hellip;<\/p>\n","protected":false},"author":2,"featured_media":4156,"comment_status":"open","ping_status":"open","sticky":false,"template":"","format":"standard","meta":{"spay_email":""},"categories":[2],"tags":[8],"jetpack_featured_media_url":"https:\/\/lavozdesanesteban.cl\/wp-content\/uploads\/2024\/04\/COMISION.jpg","_links":{"self":[{"href":"https:\/\/lavozdesanesteban.cl\/index.php\/wp-json\/wp\/v2\/posts\/4154"}],"collection":[{"href":"https:\/\/lavozdesanesteban.cl\/index.php\/wp-json\/wp\/v2\/posts"}],"about":[{"href":"https:\/\/lavozdesanesteban.cl\/index.php\/wp-json\/wp\/v2\/types\/post"}],"author":[{"embeddable":true,"href":"https:\/\/lavozdesanesteban.cl\/index.php\/wp-json\/wp\/v2\/users\/2"}],"replies":[{"embeddable":true,"href":"https:\/\/lavozdesanesteban.cl\/index.php\/wp-json\/wp\/v2\/comments?post=4154"}],"version-history":[{"count":1,"href":"https:\/\/lavozdesanesteban.cl\/index.php\/wp-json\/wp\/v2\/posts\/4154\/revisions"}],"predecessor-version":[{"id":4157,"href":"https:\/\/lavozdesanesteban.cl\/index.php\/wp-json\/wp\/v2\/posts\/4154\/revisions\/4157"}],"wp:featuredmedia":[{"embeddable":true,"href":"https:\/\/lavozdesanesteban.cl\/index.php\/wp-json\/wp\/v2\/media\/4156"}],"wp:attachment":[{"href":"https:\/\/lavozdesanesteban.cl\/index.php\/wp-json\/wp\/v2\/media?parent=4154"}],"wp:term":[{"taxonomy":"category","embeddable":true,"href":"https:\/\/lavozdesanesteban.cl\/index.php\/wp-json\/wp\/v2\/categories?post=4154"},{"taxonomy":"post_tag","embeddable":true,"href":"https:\/\/lavozdesanesteban.cl\/index.php\/wp-json\/wp\/v2\/tags?post=4154"}],"curies":[{"name":"wp","href":"https:\/\/api.w.org\/{rel}","templated":true}]}}