{"id":4158,"date":"2024-04-30T03:34:05","date_gmt":"2024-04-30T03:34:05","guid":{"rendered":"https:\/\/lavozdesanesteban.cl\/?p=4158"},"modified":"2024-04-30T03:34:09","modified_gmt":"2024-04-30T03:34:09","slug":"alcalde-ortega-entrego-cuenta-publica-subrayando-las-historicas-inversiones-y-proyectos-para-san-esteban","status":"publish","type":"post","link":"https:\/\/lavozdesanesteban.cl\/index.php\/2024\/04\/30\/alcalde-ortega-entrego-cuenta-publica-subrayando-las-historicas-inversiones-y-proyectos-para-san-esteban\/","title":{"rendered":"Alcalde Ortega entreg\u00f3 Cuenta P\u00fablica subrayando las hist\u00f3ricas inversiones y proyectos para San Esteban"},"content":{"rendered":"\n<p><\/p>\n\n\n\n<ul><li>Durante la sesi\u00f3n de concejo municipal, la autoridad destac\u00f3 el trabajo de los equipos municipales por hacer de San Esteban una comuna de adelanto.<\/li><\/ul>\n\n\n\n<p>Ante un amplio marco de asistentes, el Alcalde Christian Ortega brind\u00f3 la Cuenta P\u00fablica 2023 en la Plaza de Armas, ocasi\u00f3n en la que destac\u00f3 los grandes avances de San Esteban durante los \u00faltimos a\u00f1os, obteniendo hist\u00f3ricos y millonarios recursos en inversi\u00f3n y proyectos.<\/p>\n\n\n\n<p>La ceremonia se realiz\u00f3 en la sesi\u00f3n ordinaria del Concejo Municipal y el alcalde expuso cumpliendo el Art\u00edculo N\u00ba 67 de la Ley Org\u00e1nica de Municipalidades. Dirigentes sociales, organizaciones sociales, p\u00fablico en general, autoridades regionales, entre otros escucharon la rendici\u00f3n.<\/p>\n\n\n\n<figure class=\"wp-block-gallery columns-1 is-cropped\"><ul class=\"blocks-gallery-grid\"><li class=\"blocks-gallery-item\"><figure><img loading=\"lazy\" width=\"1024\" height=\"683\" src=\"https:\/\/lavozdesanesteban.cl\/wp-content\/uploads\/2024\/04\/Cuenta-publica-2023-1024x683.jpeg\" alt=\"\" data-id=\"4160\" data-full-url=\"https:\/\/lavozdesanesteban.cl\/wp-content\/uploads\/2024\/04\/Cuenta-publica-2023.jpeg\" data-link=\"https:\/\/lavozdesanesteban.cl\/?attachment_id=4160\" class=\"wp-image-4160\" srcset=\"https:\/\/lavozdesanesteban.cl\/wp-content\/uploads\/2024\/04\/Cuenta-publica-2023-1024x683.jpeg 1024w, https:\/\/lavozdesanesteban.cl\/wp-content\/uploads\/2024\/04\/Cuenta-publica-2023-300x200.jpeg 300w, https:\/\/lavozdesanesteban.cl\/wp-content\/uploads\/2024\/04\/Cuenta-publica-2023-768x512.jpeg 768w, https:\/\/lavozdesanesteban.cl\/wp-content\/uploads\/2024\/04\/Cuenta-publica-2023.jpeg 1368w\" sizes=\"(max-width: 1024px) 100vw, 1024px\" \/><\/figure><\/li><\/ul><\/figure>\n\n\n\n<p>Entre las iniciativas que fueron destacadas, resaltan el inicio de la etapa de dise\u00f1o del segundo puente de acceso a la comuna, por m\u00e1s de 1.300 millones de pesos y de la nueva Escuela Mixta Lo Calvo, la construcci\u00f3n del nuevo Cesfam por m\u00e1s de 4 mil millones y la instauraci\u00f3n de una pol\u00edtica de cuidado medioambiental denominado \u00abSan Esteban m\u00e1s limpio\u00bb.<\/p>\n\n\n\n<p>De la misma manera, el jefe comunal destac\u00f3 la gran inversi\u00f3n de 2 mil millones realizada por Vialidad, que permiti\u00f3 el desarrollo de diversas iniciativas por distintos puntos de la comuna, lo mismo con Subdere, que signific\u00f3 la construcci\u00f3n de veredas y proyectos de electrificaci\u00f3n en lugares urbanos como rurales.<\/p>\n\n\n\n<p>\u00abEstamos muy contentos con esta cuenta p\u00fablica, porque pudimos resaltar el trabajo que nuestros equipos municipales han desarrollado por hacer de San Esteban una comuna m\u00e1s desarrollada, de futuro, y que trabaja de manera cercana y transparente\u00bb sostuvo Ortega.<\/p>\n\n\n\n<p>En esa misma l\u00ednea, la autoridad valor\u00f3 la participaci\u00f3n, por ejemplo, de los miembros del Consejo de la Sociedad Civil, que nunca antes hab\u00eda existido en la comuna, y agradeci\u00f3 la presencia de la gran cantidad de autoridades, vecinos y dirigentes sociales asistentes.<\/p>\n","protected":false},"excerpt":{"rendered":"<p>Durante la sesi\u00f3n de concejo municipal, la autoridad destac\u00f3 el trabajo de los equipos municipales por hacer de San Esteban una comuna de adelanto. Ante un amplio marco de asistentes, el Alcalde Christian Ortega brind\u00f3 la Cuenta P\u00fablica 2023 en la Plaza de Armas, ocasi\u00f3n en la que destac\u00f3 los grandes avances de San Esteban &hellip;<\/p>\n","protected":false},"author":2,"featured_media":4159,"comment_status":"open","ping_status":"open","sticky":false,"template":"","format":"standard","meta":{"spay_email":""},"categories":[2],"tags":[8],"jetpack_featured_media_url":"https:\/\/lavozdesanesteban.cl\/wp-content\/uploads\/2024\/04\/Cuenta-publica-2.jpeg","_links":{"self":[{"href":"https:\/\/lavozdesanesteban.cl\/index.php\/wp-json\/wp\/v2\/posts\/4158"}],"collection":[{"href":"https:\/\/lavozdesanesteban.cl\/index.php\/wp-json\/wp\/v2\/posts"}],"about":[{"href":"https:\/\/lavozdesanesteban.cl\/index.php\/wp-json\/wp\/v2\/types\/post"}],"author":[{"embeddable":true,"href":"https:\/\/lavozdesanesteban.cl\/index.php\/wp-json\/wp\/v2\/users\/2"}],"replies":[{"embeddable":true,"href":"https:\/\/lavozdesanesteban.cl\/index.php\/wp-json\/wp\/v2\/comments?post=4158"}],"version-history":[{"count":1,"href":"https:\/\/lavozdesanesteban.cl\/index.php\/wp-json\/wp\/v2\/posts\/4158\/revisions"}],"predecessor-version":[{"id":4161,"href":"https:\/\/lavozdesanesteban.cl\/index.php\/wp-json\/wp\/v2\/posts\/4158\/revisions\/4161"}],"wp:featuredmedia":[{"embeddable":true,"href":"https:\/\/lavozdesanesteban.cl\/index.php\/wp-json\/wp\/v2\/media\/4159"}],"wp:attachment":[{"href":"https:\/\/lavozdesanesteban.cl\/index.php\/wp-json\/wp\/v2\/media?parent=4158"}],"wp:term":[{"taxonomy":"category","embeddable":true,"href":"https:\/\/lavozdesanesteban.cl\/index.php\/wp-json\/wp\/v2\/categories?post=4158"},{"taxonomy":"post_tag","embeddable":true,"href":"https:\/\/lavozdesanesteban.cl\/index.php\/wp-json\/wp\/v2\/tags?post=4158"}],"curies":[{"name":"wp","href":"https:\/\/api.w.org\/{rel}","templated":true}]}}