{"id":4162,"date":"2024-04-30T03:36:34","date_gmt":"2024-04-30T03:36:34","guid":{"rendered":"https:\/\/lavozdesanesteban.cl\/?p=4162"},"modified":"2024-04-30T03:36:38","modified_gmt":"2024-04-30T03:36:38","slug":"vuelve-la-micro-luego-de-tres-anos-3-anos-sin-recorridos-calle-larga-contara-con-servicio-intercomunal-de-transporte-publico","status":"publish","type":"post","link":"https:\/\/lavozdesanesteban.cl\/index.php\/2024\/04\/30\/vuelve-la-micro-luego-de-tres-anos-3-anos-sin-recorridos-calle-larga-contara-con-servicio-intercomunal-de-transporte-publico\/","title":{"rendered":"Vuelve la micro: luego de tres a\u00f1os 3 a\u00f1os sin recorridos Calle Larga contar\u00e1 con servicio intercomunal de transporte p\u00fablico"},"content":{"rendered":"\n<p><\/p>\n\n\n\n<p><strong>Este lunes a las 7:00 de la ma\u00f1ana, se inicio la marcha blanca de este nuevo recorrido desde el sector de El Castillo. Gesti\u00f3n fue realizada por la Municipalidad de Calle Larga ante el Ministerio y la Seremi de Transportes<\/strong><\/p>\n\n\n\n<p>&nbsp;&nbsp;&nbsp;&nbsp;&nbsp;&nbsp;&nbsp;&nbsp;&nbsp;&nbsp;&nbsp; \u00a1Buenas noticias para las y los vecinos de Calle Larga!. Este lunes 29 de abril, a partir de las 7:00 de la ma\u00f1ana vuelvio la micro a la comuna, retornando as\u00ed este anhelado servicio de transporte p\u00fablico a la comunidad.<\/p>\n\n\n\n<p>&nbsp;&nbsp;&nbsp;&nbsp;&nbsp;&nbsp;&nbsp;&nbsp;&nbsp;&nbsp;&nbsp; Gracias a las gestiones realizadas por la Municipalidad de Calle Larga ante el Ministerio y la Seremi de Transportes, ser\u00e1 posible que despu\u00e9s de tres a\u00f1os de haber desaparecido de las calles de la comuna, vecinas y vecinos podr\u00e1n trasladarse a Los Andes en un veh\u00edculo que adem\u00e1s recorrer\u00e1 diversos sectores.<\/p>\n\n\n\n<p>&nbsp;&nbsp;&nbsp;&nbsp;&nbsp;&nbsp;&nbsp;&nbsp;&nbsp;&nbsp;&nbsp; \u201cEstamos muy contentos ya que hemos logrado resolver uno de los problemas m\u00e1s grandes que ten\u00eda la comunidad callelarguina y que tiene que ver con el transporte p\u00fablico. A partir de este lunes a las 7 de la ma\u00f1ana hay una nueva micro que&nbsp; recorrer\u00e1 la comuna. Invito a la comunidad callelarguina a que se suba a la micro, que la utilicen y as\u00ed podamos seguir haciendo de Calle Larga, cada d\u00eda mejor\u201d, sostuvo la alcaldesa Dina Gonz\u00e1lez Alfaro.<\/p>\n\n\n\n<p>&nbsp;&nbsp;&nbsp;&nbsp;&nbsp;&nbsp;&nbsp;&nbsp;&nbsp;&nbsp;&nbsp; Jorge Gonz\u00e1lez, director de Tr\u00e1nsito y Transporte P\u00fablico de la Municipalidad de Calle Larga se refiri\u00f3 al proceso de gesti\u00f3n para contar con una micro en la comuna.<\/p>\n\n\n\n<p>&nbsp;&nbsp;&nbsp;&nbsp;&nbsp;&nbsp;&nbsp;&nbsp;&nbsp;&nbsp;&nbsp; \u201cEsta es una iniciativa netamente municipal, donde asumimos la misi\u00f3n de realizar los tr\u00e1mites ante los entes del Estado que son el Ministerio de Transportes y la Seremi, con el Registro de Inscripci\u00f3n de Transporte P\u00fablico en la Regi\u00f3n de Valpara\u00edso. No es usual que los municipios se hagan cargo del transporte p\u00fablico en las comunas, pero cuando lo planteamos en la reuni\u00f3n con el ministro, encontraron innovadora la iniciativa y afortunadamente logramos el objetivo\u201d, sostuvo Jorge Gonz\u00e1lez.&nbsp;&nbsp;&nbsp;<\/p>\n\n\n\n<p>&nbsp;&nbsp;&nbsp;&nbsp;&nbsp;&nbsp;&nbsp;&nbsp;&nbsp;&nbsp;&nbsp; De acuerdo a lo programado por el municipio, a partir de este lunes 29 de abril, se inicio una marcha blanca que se extender\u00e1 durante toda esta semana. Durante ese tiempo la micro recorrer\u00e1 los siguientes sectores a partir de las 7 de la ma\u00f1ana: El Castillo, ruta E-57, ingreso a Juan XXIII, ruta E-57, ingreso a paradero 13 por calle Pedro Aguirre Cerda, villa Camilo Mori (por calle Pedro Aguirre Cerda), La Pampilla hasta Plaza de Calle Larga, direcci\u00f3n a Los Andes hasta avenida Argentina, Membrillar, avenida Chacabuco hacia Calle Larga. Mismo recorrido de vuelta.<\/p>\n\n\n\n<p>&nbsp;&nbsp;&nbsp;&nbsp;&nbsp;&nbsp;&nbsp;&nbsp;&nbsp;&nbsp;&nbsp; El per\u00edodo de marcha blanca permitir\u00e1 definir los horarios de circulaci\u00f3n de la micro por los diferentes sectores. Estos horarios comenzar\u00e1n a aplicarse de forma definitiva a partir del lunes 6 de abril y ser\u00e1n dados a conocer a la comunidad a trav\u00e9s de las redes sociales del municipio.&nbsp;&nbsp;&nbsp;&nbsp;&nbsp;&nbsp;&nbsp;&nbsp;&nbsp;&nbsp;&nbsp;<\/p>\n\n\n\n<p>&nbsp;&nbsp;&nbsp;&nbsp;&nbsp;&nbsp;&nbsp;&nbsp;&nbsp;&nbsp;&nbsp; En cuanto a las tarifas, desde El Castillo a Los Andes el pasaje tendr\u00e1 un valor de $1.000 para p\u00fablico general y de $300 para escolares. Desde otros sectores de la comuna a Los Andes, el valor ser\u00e1 de $700 y $200 pesos. Los mismos valores se mantendr\u00e1n para el recorrido de vuelta.<\/p>\n","protected":false},"excerpt":{"rendered":"<p>Este lunes a las 7:00 de la ma\u00f1ana, se inicio la marcha blanca de este nuevo recorrido desde el sector de El Castillo. Gesti\u00f3n fue realizada por la Municipalidad de Calle Larga ante el Ministerio y la Seremi de Transportes &nbsp;&nbsp;&nbsp;&nbsp;&nbsp;&nbsp;&nbsp;&nbsp;&nbsp;&nbsp;&nbsp; \u00a1Buenas noticias para las y los vecinos de Calle Larga!. Este lunes 29 de &hellip;<\/p>\n","protected":false},"author":2,"featured_media":4163,"comment_status":"open","ping_status":"open","sticky":false,"template":"","format":"standard","meta":{"spay_email":""},"categories":[7],"tags":[8],"jetpack_featured_media_url":"https:\/\/lavozdesanesteban.cl\/wp-content\/uploads\/2024\/04\/MICRO.jpeg","_links":{"self":[{"href":"https:\/\/lavozdesanesteban.cl\/index.php\/wp-json\/wp\/v2\/posts\/4162"}],"collection":[{"href":"https:\/\/lavozdesanesteban.cl\/index.php\/wp-json\/wp\/v2\/posts"}],"about":[{"href":"https:\/\/lavozdesanesteban.cl\/index.php\/wp-json\/wp\/v2\/types\/post"}],"author":[{"embeddable":true,"href":"https:\/\/lavozdesanesteban.cl\/index.php\/wp-json\/wp\/v2\/users\/2"}],"replies":[{"embeddable":true,"href":"https:\/\/lavozdesanesteban.cl\/index.php\/wp-json\/wp\/v2\/comments?post=4162"}],"version-history":[{"count":1,"href":"https:\/\/lavozdesanesteban.cl\/index.php\/wp-json\/wp\/v2\/posts\/4162\/revisions"}],"predecessor-version":[{"id":4164,"href":"https:\/\/lavozdesanesteban.cl\/index.php\/wp-json\/wp\/v2\/posts\/4162\/revisions\/4164"}],"wp:featuredmedia":[{"embeddable":true,"href":"https:\/\/lavozdesanesteban.cl\/index.php\/wp-json\/wp\/v2\/media\/4163"}],"wp:attachment":[{"href":"https:\/\/lavozdesanesteban.cl\/index.php\/wp-json\/wp\/v2\/media?parent=4162"}],"wp:term":[{"taxonomy":"category","embeddable":true,"href":"https:\/\/lavozdesanesteban.cl\/index.php\/wp-json\/wp\/v2\/categories?post=4162"},{"taxonomy":"post_tag","embeddable":true,"href":"https:\/\/lavozdesanesteban.cl\/index.php\/wp-json\/wp\/v2\/tags?post=4162"}],"curies":[{"name":"wp","href":"https:\/\/api.w.org\/{rel}","templated":true}]}}