{"id":4172,"date":"2024-05-03T01:51:16","date_gmt":"2024-05-03T01:51:16","guid":{"rendered":"https:\/\/lavozdesanesteban.cl\/?p=4172"},"modified":"2024-05-03T01:51:20","modified_gmt":"2024-05-03T01:51:20","slug":"celebremos-la-pasion-por-el-deporte-en-santa-maria","status":"publish","type":"post","link":"https:\/\/lavozdesanesteban.cl\/index.php\/2024\/05\/03\/celebremos-la-pasion-por-el-deporte-en-santa-maria\/","title":{"rendered":"\u00a1CELEBREMOS LA PASI\u00d3N POR EL DEPORTE EN SANTA MAR\u00cdA!"},"content":{"rendered":"\n<p>\u00a0\u00a0\u00a0Este s\u00e1bado 4 de mayo, la emoci\u00f3n estar\u00e1 en cada rinc\u00f3n de nuestra ciudad. \u00a1No te pierdas este d\u00eda cargado de actividades para toda la familia!<\/p>\n\n\n\n<p>Cicletada Familiar 12K: Comienza el d\u00eda con energ\u00eda en la Plaza de Armas a las 08:30 hrs.<\/p>\n\n\n\n<p>Campeonato de Calistenia Street_Supra Vol 2.: A las 10:00 hrs. en la Plaza de Armas, demuestra tu fuerza y habilidad.<\/p>\n\n\n\n<p>Liga de f\u00fatbol femenino \u201cNi\u00f1as al poder 2024\u201d: Apoya a las futuras estrellas en el Estadio Municipal a las 10:00 hrs.<\/p>\n\n\n\n<p>Carreras Fiat 600: A las 15:00 hrs. en la Ruta E775, Calle Nueva Mery, \u00a1prepara tus motores para la velocidad!<\/p>\n\n\n\n<p>Cuarta fecha del Torneo Arumet de Rugby: A las 15:30 hrs. en el Estadio del CD Juventud Pobladores, vive la intensidad de este deporte.<\/p>\n\n\n\n<p>\u00a1No te quedes fuera de esta jornada llena de deporte, diversi\u00f3n y comunidad!                                                  <a href=\"https:\/\/www.facebook.com\/hashtag\/pasi%C3%B3nporeldeporte?__eep__=6&amp;__cft__%5b0%5d=AZWIWnNW8VhILfSJqsJLj-_1siAvwjEAbl5xWS7SynKSfxIkYbHTZ0dPns3naTBfWUxkhQj6WHZwOnlYyYZKHEvZ2JgTtV39cmUr65ZBRVmsWLKL__Oe0WNjWDbUEek9B_V6rn4QqSLWBoYJ3ngSNnXjkGTDfgcEU9e5-PMrDDBsxPi5tvtIk4XzLjtAJdOslj-AK4cYbwQ0M845UpBqA_up&amp;__tn__=*NK-R\">#Pasi\u00f3nPorElDeporte<\/a> <a href=\"https:\/\/www.facebook.com\/hashtag\/santamar%C3%ADa?__eep__=6&amp;__cft__%5b0%5d=AZWIWnNW8VhILfSJqsJLj-_1siAvwjEAbl5xWS7SynKSfxIkYbHTZ0dPns3naTBfWUxkhQj6WHZwOnlYyYZKHEvZ2JgTtV39cmUr65ZBRVmsWLKL__Oe0WNjWDbUEek9B_V6rn4QqSLWBoYJ3ngSNnXjkGTDfgcEU9e5-PMrDDBsxPi5tvtIk4XzLjtAJdOslj-AK4cYbwQ0M845UpBqA_up&amp;__tn__=*NK-R\">#SantaMar\u00eda<\/a> <a href=\"https:\/\/www.facebook.com\/hashtag\/s%C3%A1badodeacci%C3%B3n?__eep__=6&amp;__cft__%5b0%5d=AZWIWnNW8VhILfSJqsJLj-_1siAvwjEAbl5xWS7SynKSfxIkYbHTZ0dPns3naTBfWUxkhQj6WHZwOnlYyYZKHEvZ2JgTtV39cmUr65ZBRVmsWLKL__Oe0WNjWDbUEek9B_V6rn4QqSLWBoYJ3ngSNnXjkGTDfgcEU9e5-PMrDDBsxPi5tvtIk4XzLjtAJdOslj-AK4cYbwQ0M845UpBqA_up&amp;__tn__=*NK-R\">#S\u00e1badoDeAcci\u00f3n<\/a><\/p>\n","protected":false},"excerpt":{"rendered":"<p>\u00a0\u00a0\u00a0Este s\u00e1bado 4 de mayo, la emoci\u00f3n estar\u00e1 en cada rinc\u00f3n de nuestra ciudad. \u00a1No te pierdas este d\u00eda cargado de actividades para toda la familia! Cicletada Familiar 12K: Comienza el d\u00eda con energ\u00eda en la Plaza de Armas a las 08:30 hrs. Campeonato de Calistenia Street_Supra Vol 2.: A las 10:00 hrs. en la &hellip;<\/p>\n","protected":false},"author":2,"featured_media":4173,"comment_status":"open","ping_status":"open","sticky":false,"template":"","format":"standard","meta":{"spay_email":""},"categories":[7],"tags":[8],"jetpack_featured_media_url":"https:\/\/lavozdesanesteban.cl\/wp-content\/uploads\/2024\/05\/DEPORTE.jpg","_links":{"self":[{"href":"https:\/\/lavozdesanesteban.cl\/index.php\/wp-json\/wp\/v2\/posts\/4172"}],"collection":[{"href":"https:\/\/lavozdesanesteban.cl\/index.php\/wp-json\/wp\/v2\/posts"}],"about":[{"href":"https:\/\/lavozdesanesteban.cl\/index.php\/wp-json\/wp\/v2\/types\/post"}],"author":[{"embeddable":true,"href":"https:\/\/lavozdesanesteban.cl\/index.php\/wp-json\/wp\/v2\/users\/2"}],"replies":[{"embeddable":true,"href":"https:\/\/lavozdesanesteban.cl\/index.php\/wp-json\/wp\/v2\/comments?post=4172"}],"version-history":[{"count":1,"href":"https:\/\/lavozdesanesteban.cl\/index.php\/wp-json\/wp\/v2\/posts\/4172\/revisions"}],"predecessor-version":[{"id":4174,"href":"https:\/\/lavozdesanesteban.cl\/index.php\/wp-json\/wp\/v2\/posts\/4172\/revisions\/4174"}],"wp:featuredmedia":[{"embeddable":true,"href":"https:\/\/lavozdesanesteban.cl\/index.php\/wp-json\/wp\/v2\/media\/4173"}],"wp:attachment":[{"href":"https:\/\/lavozdesanesteban.cl\/index.php\/wp-json\/wp\/v2\/media?parent=4172"}],"wp:term":[{"taxonomy":"category","embeddable":true,"href":"https:\/\/lavozdesanesteban.cl\/index.php\/wp-json\/wp\/v2\/categories?post=4172"},{"taxonomy":"post_tag","embeddable":true,"href":"https:\/\/lavozdesanesteban.cl\/index.php\/wp-json\/wp\/v2\/tags?post=4172"}],"curies":[{"name":"wp","href":"https:\/\/api.w.org\/{rel}","templated":true}]}}