{"id":4175,"date":"2024-05-03T01:58:52","date_gmt":"2024-05-03T01:58:52","guid":{"rendered":"https:\/\/lavozdesanesteban.cl\/?p=4175"},"modified":"2024-05-03T01:58:56","modified_gmt":"2024-05-03T01:58:56","slug":"significativa-ceremonia-de-cuenta-publica-del-alcalde-mauricio-quiroz-demuestra-avances-en-todas-las-areas-del-desarrollo-de-putaendo","status":"publish","type":"post","link":"https:\/\/lavozdesanesteban.cl\/index.php\/2024\/05\/03\/significativa-ceremonia-de-cuenta-publica-del-alcalde-mauricio-quiroz-demuestra-avances-en-todas-las-areas-del-desarrollo-de-putaendo\/","title":{"rendered":"SIGNIFICATIVA CEREMONIA DE CUENTA P\u00daBLICA DEL ALCALDE MAURICIO QUIROZ DEMUESTRA AVANCES EN TODAS LAS \u00c1REAS DEL DESARROLLO DE PUTAENDO"},"content":{"rendered":"\n<p><\/p>\n\n\n\n<p>Con gran presencia de vecinas y vecinos de la comuna que repletaron la Escuela Alegr\u00eda Cat\u00e1n de Piguch\u00e9n, la autoridad comunal destac\u00f3 las diferentes inversiones en \u00e1mbitos como obras p\u00fablicas, educaci\u00f3n, salud, seguridad, vivienda, cultura, desarrollo social y comunitario.<\/p>\n\n\n\n<p>S\u00f3lo en obras p\u00fablicas, el pasado 2023 se ejecutaron trabajos que superan los 4000 millones de pesos, en proyectos de vialidad vial, seguridad vial rural, mejoramiento de esteros y quebradas, agua potable rural, etc.<\/p>\n\n\n\n<p>En el \u00e1mbito de mejoramiento de infraestructura educacional, se han invertido m\u00e1s de 1200 millones de pesos en diferentes obras en escuelas y liceos de Putaendo, destinados principalmente a labores de mejoramiento de sistemas el\u00e9ctricos en las comunidades educativas.<\/p>\n\n\n\n<p>Por otro lado, el alcalde Quiroz hizo \u00e9nfasis en el desarrollo social y en los avances en temas como cuidados e inclusi\u00f3n.<\/p>\n\n\n\n<figure class=\"wp-block-gallery columns-1 is-cropped\"><ul class=\"blocks-gallery-grid\"><li class=\"blocks-gallery-item\"><figure><img loading=\"lazy\" width=\"1024\" height=\"683\" src=\"https:\/\/lavozdesanesteban.cl\/wp-content\/uploads\/2024\/05\/CONCEJO-1024x683.jpg\" alt=\"\" data-id=\"4177\" data-full-url=\"https:\/\/lavozdesanesteban.cl\/wp-content\/uploads\/2024\/05\/CONCEJO.jpg\" data-link=\"https:\/\/lavozdesanesteban.cl\/?attachment_id=4177\" class=\"wp-image-4177\" srcset=\"https:\/\/lavozdesanesteban.cl\/wp-content\/uploads\/2024\/05\/CONCEJO-1024x683.jpg 1024w, https:\/\/lavozdesanesteban.cl\/wp-content\/uploads\/2024\/05\/CONCEJO-300x200.jpg 300w, https:\/\/lavozdesanesteban.cl\/wp-content\/uploads\/2024\/05\/CONCEJO-768x512.jpg 768w, https:\/\/lavozdesanesteban.cl\/wp-content\/uploads\/2024\/05\/CONCEJO-1536x1024.jpg 1536w, https:\/\/lavozdesanesteban.cl\/wp-content\/uploads\/2024\/05\/CONCEJO.jpg 2048w\" sizes=\"(max-width: 1024px) 100vw, 1024px\" \/><\/figure><\/li><\/ul><\/figure>\n\n\n\n<p>&nbsp;\u201cLa comuna no crece s\u00f3lo a partir del ladrillo y cemento. Las comunas crecen tambi\u00e9n cuando se desarrolla social y culturalmente. Las comunas avanzan tambi\u00e9n en justicia social como cuando 2023 comenz\u00f3 a operar plenamente un programa como es la Red Local Apoyos y Cuidados, que ha dignificado la vida de muchas familias de Putaendo. Avanzamos tambi\u00e9n en crear el primer Centro de la Neurodivergencia, que pronto abrir\u00e1 y que cumple con el compromiso de esta administraci\u00f3n de potenciar la inclusi\u00f3n\u201d, explic\u00f3 el alcalde Quiroz.<\/p>\n\n\n\n<p>&nbsp;\u201cLas comunas tambi\u00e9n crecen y progresa cuando se invierten, por primera vez, 133 millones de pesos en seguridad p\u00fablica, cuando se crea la primera Oficina de Seguridad P\u00fablica y se dise\u00f1an y materializan proyectos como el mejoramiento de sistemas de c\u00e1maras de televigilancia y de p\u00f3rticos de control y acceso\u201d, recalc\u00f3 el edil.<\/p>\n\n\n\n<p>Tambi\u00e9n se destac\u00f3 el proceso de formalizar comit\u00e9s de vivienda. Son 540 familias de Putaendo que trabajan junto al municipio para cumplir el sue\u00f1o de la casa propia. En ese sentido, el a\u00f1o 2023 se materializ\u00f3 la compra de terreno para el Comit\u00e9 Vida Nueva, donde se construir\u00e1n 80 nuevas casas. Paralelamente se avanzamos en la topograf\u00eda para m\u00e1s de 100 familias de los comit\u00e9s Futuro Mejor y Cumbres de Orolonco.<\/p>\n\n\n\n<p>Asimismo, el alcalde destac\u00f3 la adquisici\u00f3n de diferentes veh\u00edculos que van en directo beneficio de la comunidad: La oficina municipal m\u00f3vil, el primer bus municipal para 24 pasajeros, la cl\u00ednica m\u00f3vil y una camioneta para bomberos son parte del compromiso del municipio por acercar los servicios p\u00fablicos a los diferentes territorios comunales.<\/p>\n\n\n\n<figure class=\"wp-block-gallery columns-1 is-cropped\"><ul class=\"blocks-gallery-grid\"><li class=\"blocks-gallery-item\"><figure><img loading=\"lazy\" width=\"1024\" height=\"683\" src=\"https:\/\/lavozdesanesteban.cl\/wp-content\/uploads\/2024\/05\/CUENTA-1024x683.jpg\" alt=\"\" data-id=\"4178\" data-full-url=\"https:\/\/lavozdesanesteban.cl\/wp-content\/uploads\/2024\/05\/CUENTA.jpg\" data-link=\"https:\/\/lavozdesanesteban.cl\/?attachment_id=4178\" class=\"wp-image-4178\" srcset=\"https:\/\/lavozdesanesteban.cl\/wp-content\/uploads\/2024\/05\/CUENTA-1024x683.jpg 1024w, https:\/\/lavozdesanesteban.cl\/wp-content\/uploads\/2024\/05\/CUENTA-300x200.jpg 300w, https:\/\/lavozdesanesteban.cl\/wp-content\/uploads\/2024\/05\/CUENTA-768x512.jpg 768w, https:\/\/lavozdesanesteban.cl\/wp-content\/uploads\/2024\/05\/CUENTA-1536x1024.jpg 1536w, https:\/\/lavozdesanesteban.cl\/wp-content\/uploads\/2024\/05\/CUENTA.jpg 2048w\" sizes=\"(max-width: 1024px) 100vw, 1024px\" \/><\/figure><\/li><\/ul><\/figure>\n\n\n\n[DESAF\u00cdOS Y PROYECTOS FUTUROS]\n\n\n\n<p>\u200b<\/p>\n\n\n\n<p>Adem\u00e1s, el alcalde dio cuenta del estado de los proyectos que la gente eligi\u00f3 en la consulta ciudadana realizada en el a\u00f1o 2022. De dichos proyectos, hay tres que est\u00e1n postulados para sus respectivos dise\u00f1os y posterior construcci\u00f3n.<\/p>\n\n\n\n<p>\u200bEn el detalle, el Condominio de Viviendas Tuteladas para Personas Mayores estar\u00e1 emplazado en el norte urbano de Putaendo, tras la compra respectiva que debe aprobar el Concejo Municipal en las pr\u00f3ximos semanas.<\/p>\n\n\n\n<p>\u200bEl Centro Comunal de Reciclaje ya fue dise\u00f1ado y est\u00e1 a la espera de revisi\u00f3n y financiamiento por parte de la Subsecretar\u00eda de Desarrollo Regional (Subdere). El proyecto bordea los 300 millones de pesos de inversi\u00f3n.<\/p>\n\n\n\n<p>El Polideportivo estar\u00e1 emplazado en Rinconada de Silva. Se encuentra en etapa de postulaci\u00f3n de dise\u00f1o con el IND. Su construcci\u00f3n se estima en m\u00e1s de 2000 millones de pesos que ser\u00e1n postulados al Fondo Nacional de Desarrollo Regional (FNDR).<\/p>\n\n\n\n<p>\u201cSeguiremos con el compromiso de cumplir estos proyectos y dar mejor calidad de vida a las vecinas y vecinos de Putaendo. Trabajamos incansablemente por responder a las necesidades de la comunidad\u201d, manifest\u00f3 el edil<\/p>\n\n\n\n<p>De igual forma, el alcalde dio lectura a la totalidad de la cartera de proyectos de inversi\u00f3n con 52 iniciativas , en donde destacan proyectos de infraestructura deportiva, obras para los sistemas de agua potable, seguridad p\u00fablica, cultura y desarrollo urbano, entre otros.<\/p>\n","protected":false},"excerpt":{"rendered":"<p>Con gran presencia de vecinas y vecinos de la comuna que repletaron la Escuela Alegr\u00eda Cat\u00e1n de Piguch\u00e9n, la autoridad comunal destac\u00f3 las diferentes inversiones en \u00e1mbitos como obras p\u00fablicas, educaci\u00f3n, salud, seguridad, vivienda, cultura, desarrollo social y comunitario. S\u00f3lo en obras p\u00fablicas, el pasado 2023 se ejecutaron trabajos que superan los 4000 millones de &hellip;<\/p>\n","protected":false},"author":2,"featured_media":4176,"comment_status":"open","ping_status":"open","sticky":false,"template":"","format":"standard","meta":{"spay_email":""},"categories":[7],"tags":[8],"jetpack_featured_media_url":"https:\/\/lavozdesanesteban.cl\/wp-content\/uploads\/2024\/05\/ALCALDE.jpg","_links":{"self":[{"href":"https:\/\/lavozdesanesteban.cl\/index.php\/wp-json\/wp\/v2\/posts\/4175"}],"collection":[{"href":"https:\/\/lavozdesanesteban.cl\/index.php\/wp-json\/wp\/v2\/posts"}],"about":[{"href":"https:\/\/lavozdesanesteban.cl\/index.php\/wp-json\/wp\/v2\/types\/post"}],"author":[{"embeddable":true,"href":"https:\/\/lavozdesanesteban.cl\/index.php\/wp-json\/wp\/v2\/users\/2"}],"replies":[{"embeddable":true,"href":"https:\/\/lavozdesanesteban.cl\/index.php\/wp-json\/wp\/v2\/comments?post=4175"}],"version-history":[{"count":1,"href":"https:\/\/lavozdesanesteban.cl\/index.php\/wp-json\/wp\/v2\/posts\/4175\/revisions"}],"predecessor-version":[{"id":4179,"href":"https:\/\/lavozdesanesteban.cl\/index.php\/wp-json\/wp\/v2\/posts\/4175\/revisions\/4179"}],"wp:featuredmedia":[{"embeddable":true,"href":"https:\/\/lavozdesanesteban.cl\/index.php\/wp-json\/wp\/v2\/media\/4176"}],"wp:attachment":[{"href":"https:\/\/lavozdesanesteban.cl\/index.php\/wp-json\/wp\/v2\/media?parent=4175"}],"wp:term":[{"taxonomy":"category","embeddable":true,"href":"https:\/\/lavozdesanesteban.cl\/index.php\/wp-json\/wp\/v2\/categories?post=4175"},{"taxonomy":"post_tag","embeddable":true,"href":"https:\/\/lavozdesanesteban.cl\/index.php\/wp-json\/wp\/v2\/tags?post=4175"}],"curies":[{"name":"wp","href":"https:\/\/api.w.org\/{rel}","templated":true}]}}