{"id":4180,"date":"2024-05-03T02:02:31","date_gmt":"2024-05-03T02:02:31","guid":{"rendered":"https:\/\/lavozdesanesteban.cl\/?p=4180"},"modified":"2024-05-03T02:02:35","modified_gmt":"2024-05-03T02:02:35","slug":"estudiantes-de-establecimientos-municipales-animaron-programa-de-natacion-en-piscina-america","status":"publish","type":"post","link":"https:\/\/lavozdesanesteban.cl\/index.php\/2024\/05\/03\/estudiantes-de-establecimientos-municipales-animaron-programa-de-natacion-en-piscina-america\/","title":{"rendered":"Estudiantes de establecimientos municipales animaron programa de nataci\u00f3n en Piscina Am\u00e9rica"},"content":{"rendered":"\n<p><\/p>\n\n\n\n<p>Por un nuevo a\u00f1o consecutivo el \u00e1rea extraescolar del Departamento de Educaci\u00f3n de Los Andes desarroll\u00f3 el programa de clases de nataci\u00f3n para estudiantes de distintos &nbsp;establecimientos municipales de la comuna.<\/p>\n\n\n\n<p>Este programa incorpora la disciplina de la nataci\u00f3n en la asignatura de educaci\u00f3n f\u00edsica, como un plan de acci\u00f3n para impulsar h\u00e1bitos de vida saludable que mejoran la calidad de vida de los estudiantes. Durante marzo y abril en la piscina municipal del Liceo Bicentenario Polit\u00e9cnico Am\u00e9rica, han participado alumnos desde quinto b\u00e1sico a cuarto medio, una vez a la semana, dependiendo de la calendarizaci\u00f3n de sus actividades f\u00edsicas.<\/p>\n\n\n\n<figure class=\"wp-block-gallery columns-1 is-cropped\"><ul class=\"blocks-gallery-grid\"><li class=\"blocks-gallery-item\"><figure><img loading=\"lazy\" width=\"1024\" height=\"819\" src=\"https:\/\/lavozdesanesteban.cl\/wp-content\/uploads\/2024\/05\/1NATACION-1024x819.jpg\" alt=\"\" data-id=\"4181\" data-full-url=\"https:\/\/lavozdesanesteban.cl\/wp-content\/uploads\/2024\/05\/1NATACION.jpg\" data-link=\"https:\/\/lavozdesanesteban.cl\/?attachment_id=4181\" class=\"wp-image-4181\" srcset=\"https:\/\/lavozdesanesteban.cl\/wp-content\/uploads\/2024\/05\/1NATACION-1024x819.jpg 1024w, https:\/\/lavozdesanesteban.cl\/wp-content\/uploads\/2024\/05\/1NATACION-300x240.jpg 300w, https:\/\/lavozdesanesteban.cl\/wp-content\/uploads\/2024\/05\/1NATACION-768x614.jpg 768w, https:\/\/lavozdesanesteban.cl\/wp-content\/uploads\/2024\/05\/1NATACION.jpg 1204w\" sizes=\"(max-width: 1024px) 100vw, 1024px\" \/><\/figure><\/li><\/ul><\/figure>\n\n\n\n<p>Alex Castillo, alumno de s\u00e9ptimo b\u00e1sico de la Escuela Ferroviaria, dijo: \u201che asistido a todas las clases, las que me han parecido s\u00faper bien, ya que he participado todos los a\u00f1os. El profesor nos ha ayudado mucho, yo sab\u00eda nadar pero no sab\u00eda hacer mariposa, ni tampoco sirena. Me gusta mucho venir a las clases porque el profesor hace una clase entretenida donde jugamos y hacemos deporte\u201d.<\/p>\n\n\n\n<p><br>En tanto Patricio Celed\u00f3n, profesor de educaci\u00f3n f\u00edsica de la Escuela Ferroviaria, se\u00f1al\u00f3: \u201cesta iniciativa est\u00e1 dentro de los planes de estudio, como deporte individual que promueve el ministerio tambi\u00e9n, estamos potenciando estilos de nataci\u00f3n como crol, espalda y luego la t\u00e9cnica de los piqueros. Tambi\u00e9n fortalecemos valores\u201d.<\/p>\n","protected":false},"excerpt":{"rendered":"<p>Por un nuevo a\u00f1o consecutivo el \u00e1rea extraescolar del Departamento de Educaci\u00f3n de Los Andes desarroll\u00f3 el programa de clases de nataci\u00f3n para estudiantes de distintos &nbsp;establecimientos municipales de la comuna. Este programa incorpora la disciplina de la nataci\u00f3n en la asignatura de educaci\u00f3n f\u00edsica, como un plan de acci\u00f3n para impulsar h\u00e1bitos de vida &hellip;<\/p>\n","protected":false},"author":2,"featured_media":4182,"comment_status":"open","ping_status":"open","sticky":false,"template":"","format":"standard","meta":{"spay_email":""},"categories":[7],"tags":[8],"jetpack_featured_media_url":"https:\/\/lavozdesanesteban.cl\/wp-content\/uploads\/2024\/05\/2-NATACION.jpg","_links":{"self":[{"href":"https:\/\/lavozdesanesteban.cl\/index.php\/wp-json\/wp\/v2\/posts\/4180"}],"collection":[{"href":"https:\/\/lavozdesanesteban.cl\/index.php\/wp-json\/wp\/v2\/posts"}],"about":[{"href":"https:\/\/lavozdesanesteban.cl\/index.php\/wp-json\/wp\/v2\/types\/post"}],"author":[{"embeddable":true,"href":"https:\/\/lavozdesanesteban.cl\/index.php\/wp-json\/wp\/v2\/users\/2"}],"replies":[{"embeddable":true,"href":"https:\/\/lavozdesanesteban.cl\/index.php\/wp-json\/wp\/v2\/comments?post=4180"}],"version-history":[{"count":1,"href":"https:\/\/lavozdesanesteban.cl\/index.php\/wp-json\/wp\/v2\/posts\/4180\/revisions"}],"predecessor-version":[{"id":4183,"href":"https:\/\/lavozdesanesteban.cl\/index.php\/wp-json\/wp\/v2\/posts\/4180\/revisions\/4183"}],"wp:featuredmedia":[{"embeddable":true,"href":"https:\/\/lavozdesanesteban.cl\/index.php\/wp-json\/wp\/v2\/media\/4182"}],"wp:attachment":[{"href":"https:\/\/lavozdesanesteban.cl\/index.php\/wp-json\/wp\/v2\/media?parent=4180"}],"wp:term":[{"taxonomy":"category","embeddable":true,"href":"https:\/\/lavozdesanesteban.cl\/index.php\/wp-json\/wp\/v2\/categories?post=4180"},{"taxonomy":"post_tag","embeddable":true,"href":"https:\/\/lavozdesanesteban.cl\/index.php\/wp-json\/wp\/v2\/tags?post=4180"}],"curies":[{"name":"wp","href":"https:\/\/api.w.org\/{rel}","templated":true}]}}