{"id":4184,"date":"2024-05-03T02:05:26","date_gmt":"2024-05-03T02:05:26","guid":{"rendered":"https:\/\/lavozdesanesteban.cl\/?p=4184"},"modified":"2024-05-03T02:05:30","modified_gmt":"2024-05-03T02:05:30","slug":"jornada-de-regularizacion-migratoria-en-el-liceo-republica-argentina-un-espacio-de-apoyo-y-acompanamiento","status":"publish","type":"post","link":"https:\/\/lavozdesanesteban.cl\/index.php\/2024\/05\/03\/jornada-de-regularizacion-migratoria-en-el-liceo-republica-argentina-un-espacio-de-apoyo-y-acompanamiento\/","title":{"rendered":"Jornada de regularizaci\u00f3n migratoria en el Liceo Rep\u00fablica Argentina: un espacio de apoyo y acompa\u00f1amiento"},"content":{"rendered":"\n<p><\/p>\n\n\n\n<p>En el marco del compromiso por la inclusi\u00f3n y el apoyo a las familias migrantes, el Liceo Bicentenario Rep\u00fablica Argentina de Los Andes llev\u00f3 a cabo una nueva jornada de regularizaci\u00f3n migratoria. Esta iniciativa, dise\u00f1ada especialmente para las familias que forman parte de la comunidad educativa del establecimiento y que requieren de orientaci\u00f3n en este proceso, tuvo lugar con la colaboraci\u00f3n de la Oficina Municipal de Migraci\u00f3n y la ONG Voces Migrantes.<\/p>\n\n\n\n<p>La actividad, coordinada de manera conjunta entre el establecimiento educacional y las entidades mencionadas, busca generar espacios de inclusi\u00f3n y no discriminaci\u00f3n, como se\u00f1ala Francisco Iturriaga, encargado de la Oficina de Migraci\u00f3n: \u00abNuestro objetivo principal es generar instancias de inclusi\u00f3n y no discriminaci\u00f3n. En conjunto con el establecimiento Liceo Rep\u00fablica Argentina, estamos trabajando desde el a\u00f1o pasado propiciando espacios para que la comunidad tenga acceso a informaci\u00f3n pertinente y oportuna y puedan iniciar procesos de regularizaci\u00f3n, enfocados principalmente en las infancias.\u00bb<\/p>\n\n\n\n<figure class=\"wp-block-gallery columns-1 is-cropped\"><ul class=\"blocks-gallery-grid\"><li class=\"blocks-gallery-item\"><figure><img loading=\"lazy\" width=\"1024\" height=\"768\" src=\"https:\/\/lavozdesanesteban.cl\/wp-content\/uploads\/2024\/05\/4-MIGRANTES-1024x768.jpeg\" alt=\"\" data-id=\"4185\" data-full-url=\"https:\/\/lavozdesanesteban.cl\/wp-content\/uploads\/2024\/05\/4-MIGRANTES.jpeg\" data-link=\"https:\/\/lavozdesanesteban.cl\/?attachment_id=4185\" class=\"wp-image-4185\" srcset=\"https:\/\/lavozdesanesteban.cl\/wp-content\/uploads\/2024\/05\/4-MIGRANTES-1024x768.jpeg 1024w, https:\/\/lavozdesanesteban.cl\/wp-content\/uploads\/2024\/05\/4-MIGRANTES-300x225.jpeg 300w, https:\/\/lavozdesanesteban.cl\/wp-content\/uploads\/2024\/05\/4-MIGRANTES-768x576.jpeg 768w, https:\/\/lavozdesanesteban.cl\/wp-content\/uploads\/2024\/05\/4-MIGRANTES-1536x1152.jpeg 1536w, https:\/\/lavozdesanesteban.cl\/wp-content\/uploads\/2024\/05\/4-MIGRANTES.jpeg 1600w\" sizes=\"(max-width: 1024px) 100vw, 1024px\" \/><\/figure><\/li><\/ul><\/figure>\n\n\n\n<p>En palabras de Yenny Arroyo, encargada de convivencia escolar del Liceo Rep\u00fablica Argentina, la importancia de esta jornada radica en el apoyo y la solidaridad hacia las familias migrantes, que este a\u00f1o alcanzan el 20 por ciento de la matr\u00edcula del establecimiento: \u201cComo liceo, estamos apuntando a todo lo que tiene que ver con la inclusi\u00f3n y la migraci\u00f3n, principalmente. Sabemos que lo que viven las familias cuando llegan a un pa\u00eds extra\u00f1o no es f\u00e1cil, y qu\u00e9 mejor que una comunidad abierta a poder sostenerlos y encaminarlos con toda la documentaci\u00f3n que tenga que ver para que los ni\u00f1os, principalmente, puedan lograr una estabilidad en un pa\u00eds extranjero.\u00bb<\/p>\n\n\n\n<p>Emily Linares, fundadora de la ONG Voces Migrantes, estuvo presente entregando orientaci\u00f3n a los asistentes: \u201cLo m\u00e1s importante es el acceso a la informaci\u00f3n correcta, es importante realizar este tipo de acciones y que el acompa\u00f1amiento sea de ayuda para despejar esas dudas\u201d. Susana Mu\u00f1oz fue una de las asistentes a la jornada de informaci\u00f3n, seg\u00fan evalu\u00f3: \u201cMuy buena actividad, la disposici\u00f3n ha sido excelente, quiero agradecer porque me sac\u00f3 de muchas dudas\u201d.<\/p>\n\n\n\n<p>El compromiso del Liceo Rep\u00fablica Argentina de Los Andes con la inclusi\u00f3n y el acompa\u00f1amiento de las familias migrantes se fortalece a trav\u00e9s de estas acciones, que buscan garantizar que todos los estudiantes tengan acceso a una educaci\u00f3n de calidad en un ambiente respetuoso y acogedor.<\/p>\n","protected":false},"excerpt":{"rendered":"<p>En el marco del compromiso por la inclusi\u00f3n y el apoyo a las familias migrantes, el Liceo Bicentenario Rep\u00fablica Argentina de Los Andes llev\u00f3 a cabo una nueva jornada de regularizaci\u00f3n migratoria. Esta iniciativa, dise\u00f1ada especialmente para las familias que forman parte de la comunidad educativa del establecimiento y que requieren de orientaci\u00f3n en este &hellip;<\/p>\n","protected":false},"author":2,"featured_media":4186,"comment_status":"open","ping_status":"open","sticky":false,"template":"","format":"standard","meta":{"spay_email":""},"categories":[7],"tags":[8],"jetpack_featured_media_url":"https:\/\/lavozdesanesteban.cl\/wp-content\/uploads\/2024\/05\/MIGRANTES.jpeg","_links":{"self":[{"href":"https:\/\/lavozdesanesteban.cl\/index.php\/wp-json\/wp\/v2\/posts\/4184"}],"collection":[{"href":"https:\/\/lavozdesanesteban.cl\/index.php\/wp-json\/wp\/v2\/posts"}],"about":[{"href":"https:\/\/lavozdesanesteban.cl\/index.php\/wp-json\/wp\/v2\/types\/post"}],"author":[{"embeddable":true,"href":"https:\/\/lavozdesanesteban.cl\/index.php\/wp-json\/wp\/v2\/users\/2"}],"replies":[{"embeddable":true,"href":"https:\/\/lavozdesanesteban.cl\/index.php\/wp-json\/wp\/v2\/comments?post=4184"}],"version-history":[{"count":1,"href":"https:\/\/lavozdesanesteban.cl\/index.php\/wp-json\/wp\/v2\/posts\/4184\/revisions"}],"predecessor-version":[{"id":4187,"href":"https:\/\/lavozdesanesteban.cl\/index.php\/wp-json\/wp\/v2\/posts\/4184\/revisions\/4187"}],"wp:featuredmedia":[{"embeddable":true,"href":"https:\/\/lavozdesanesteban.cl\/index.php\/wp-json\/wp\/v2\/media\/4186"}],"wp:attachment":[{"href":"https:\/\/lavozdesanesteban.cl\/index.php\/wp-json\/wp\/v2\/media?parent=4184"}],"wp:term":[{"taxonomy":"category","embeddable":true,"href":"https:\/\/lavozdesanesteban.cl\/index.php\/wp-json\/wp\/v2\/categories?post=4184"},{"taxonomy":"post_tag","embeddable":true,"href":"https:\/\/lavozdesanesteban.cl\/index.php\/wp-json\/wp\/v2\/tags?post=4184"}],"curies":[{"name":"wp","href":"https:\/\/api.w.org\/{rel}","templated":true}]}}