{"id":4191,"date":"2024-05-09T03:08:24","date_gmt":"2024-05-09T03:08:24","guid":{"rendered":"https:\/\/lavozdesanesteban.cl\/?p=4191"},"modified":"2024-05-09T03:08:28","modified_gmt":"2024-05-09T03:08:28","slug":"en-los-andes-tendran-una-jornada-especial-de-autocuidado-para-celebrar-el-dia-de-la-madre","status":"publish","type":"post","link":"https:\/\/lavozdesanesteban.cl\/index.php\/2024\/05\/09\/en-los-andes-tendran-una-jornada-especial-de-autocuidado-para-celebrar-el-dia-de-la-madre\/","title":{"rendered":"En Los Andes tendr\u00e1n una jornada especial de autocuidado para celebrar el D\u00eda de la Madre"},"content":{"rendered":"\n<p><\/p>\n\n\n\n<p><em>Casa Municipal de la Mujer invita a mujeres andinas a celebrar anticipadamente el D\u00eda de la Madre con actividades gratuitas el d\u00eda viernes.<\/em><\/p>\n\n\n\n<p>Este viernes 10 de mayo, la Casa Municipal de la Mujer de Los Andes, ha preparado una jornada especial de celebraci\u00f3n del D\u00eda de la Madre denominada \u201cTe queremos mam\u00e1\u201d. Desde las 10:00 hasta las 14:00 horas, en el Gimnasio Centenario, las mam\u00e1s de la comuna de Los Andes podr\u00e1n disfrutar de actividades gratuitas de autocuidado, sin necesidad de inscripci\u00f3n previa; simplemente deben acudir en el horario indicado.<\/p>\n\n\n\n<p>Manuel Rivera, alcalde de Los Andes sostuvo que \u201cen la jornada tendremos actividades recreativas como macram\u00e9, juegos, nuestro popular bingo y obviamente podr\u00e1n disfrutar de nuestra linda cafeter\u00eda. Una buena noticia es que, por el \u00e9xito del a\u00f1o pasado, junto a nuestra Direcci\u00f3n de Salud tambi\u00e9n tendremos atenciones m\u00e9dicas b\u00e1sicas, ojo con eso, atenciones m\u00e9dicas b\u00e1sicas. Adem\u00e1s, te voy a decir que esto es absolutamente gratis\u201d.<\/p>\n\n\n\n<p>Marl\u00e9n Guzm\u00e1n, encargada de la Casa Municipal de la Mujer dijo que \u201cestamos invitando a todas las mam\u00e1s de la comuna, a que reciban los siguientes servicios: masoterapia, maquillaje, manicure, limpieza facial y todo esto a trav\u00e9s de la Universidad Andr\u00e9s Bello, quienes van a venir con sus profesionales, principalmente de Est\u00e9tica Integral, a acompa\u00f1arnos\u201d.<\/p>\n\n\n\n<p>En la jornada tambi\u00e9n estar\u00e1 la Cl\u00ednica M\u00f3vil, en el marco de la celebraci\u00f3n del Mes de la Maternidad.<\/p>\n\n\n\n<p>Ang\u00e9lica Castillo, presidenta de la Uni\u00f3n Comunal de Mujeres de Los Andes valor\u00f3 la iniciativa: \u201cla idea es hacerse un cari\u00f1ito, tanto peluquer\u00eda, masaje y muchas otras actividades que s\u00ed van en beneficio de nuestro desarrollo personal, como mujer, como mam\u00e1. Es una bonita instancia que nos entrega la Casa de la Mujer, la Municipalidad y el se\u00f1or alcalde\u201d.<\/p>\n","protected":false},"excerpt":{"rendered":"<p>Casa Municipal de la Mujer invita a mujeres andinas a celebrar anticipadamente el D\u00eda de la Madre con actividades gratuitas el d\u00eda viernes. Este viernes 10 de mayo, la Casa Municipal de la Mujer de Los Andes, ha preparado una jornada especial de celebraci\u00f3n del D\u00eda de la Madre denominada \u201cTe queremos mam\u00e1\u201d. Desde las &hellip;<\/p>\n","protected":false},"author":2,"featured_media":4192,"comment_status":"open","ping_status":"open","sticky":false,"template":"","format":"standard","meta":{"spay_email":""},"categories":[7],"tags":[8],"jetpack_featured_media_url":"https:\/\/lavozdesanesteban.cl\/wp-content\/uploads\/2024\/05\/grafica-dia-de-la-mama.jpg","_links":{"self":[{"href":"https:\/\/lavozdesanesteban.cl\/index.php\/wp-json\/wp\/v2\/posts\/4191"}],"collection":[{"href":"https:\/\/lavozdesanesteban.cl\/index.php\/wp-json\/wp\/v2\/posts"}],"about":[{"href":"https:\/\/lavozdesanesteban.cl\/index.php\/wp-json\/wp\/v2\/types\/post"}],"author":[{"embeddable":true,"href":"https:\/\/lavozdesanesteban.cl\/index.php\/wp-json\/wp\/v2\/users\/2"}],"replies":[{"embeddable":true,"href":"https:\/\/lavozdesanesteban.cl\/index.php\/wp-json\/wp\/v2\/comments?post=4191"}],"version-history":[{"count":1,"href":"https:\/\/lavozdesanesteban.cl\/index.php\/wp-json\/wp\/v2\/posts\/4191\/revisions"}],"predecessor-version":[{"id":4193,"href":"https:\/\/lavozdesanesteban.cl\/index.php\/wp-json\/wp\/v2\/posts\/4191\/revisions\/4193"}],"wp:featuredmedia":[{"embeddable":true,"href":"https:\/\/lavozdesanesteban.cl\/index.php\/wp-json\/wp\/v2\/media\/4192"}],"wp:attachment":[{"href":"https:\/\/lavozdesanesteban.cl\/index.php\/wp-json\/wp\/v2\/media?parent=4191"}],"wp:term":[{"taxonomy":"category","embeddable":true,"href":"https:\/\/lavozdesanesteban.cl\/index.php\/wp-json\/wp\/v2\/categories?post=4191"},{"taxonomy":"post_tag","embeddable":true,"href":"https:\/\/lavozdesanesteban.cl\/index.php\/wp-json\/wp\/v2\/tags?post=4191"}],"curies":[{"name":"wp","href":"https:\/\/api.w.org\/{rel}","templated":true}]}}