{"id":4207,"date":"2024-05-16T03:14:25","date_gmt":"2024-05-16T03:14:25","guid":{"rendered":"https:\/\/lavozdesanesteban.cl\/?p=4207"},"modified":"2024-05-16T03:16:19","modified_gmt":"2024-05-16T03:16:19","slug":"departamento-de-salud-de-san-esteban-realizo-diagnostico-participativo-con-18-clubes-de-adultos-mayores-para-conocer-sus-necesidades","status":"publish","type":"post","link":"https:\/\/lavozdesanesteban.cl\/index.php\/2024\/05\/16\/departamento-de-salud-de-san-esteban-realizo-diagnostico-participativo-con-18-clubes-de-adultos-mayores-para-conocer-sus-necesidades\/","title":{"rendered":"Departamento de Salud de San Esteban realiz\u00f3 Diagn\u00f3stico participativo con 18 clubes de adultos mayores para conocer sus necesidades"},"content":{"rendered":"\n<p><\/p>\n\n\n\n<ul><li>El programa \u201cM\u00e1s Adultos Mayores\u201d ejecut\u00f3 el diagn\u00f3stico, donde participaron m\u00e1s decenas de adultos mayores.<\/li><\/ul>\n\n\n\n<p>El programa \u201cMas Adultos Mayores Autovalentes\u201d del Departamento de Salud Municipal de San Esteban, realiz\u00f3 un diagn\u00f3stico participativo con sus usuarios para conocer las necesidades e intereses de las personas mayores en la comuna, abarcando 18 clubes de adulto mayor de diferentes sectores.<\/p>\n\n\n\n<p>Esta instancia tiene como objetivo conectar al equipo de salud con la comunidad, abriendo espacios de encuentro y di\u00e1logo. De esa forma, esta herramienta servir\u00e1 al programa para poder orientar y reorientar el trabajo que est\u00e1n realizando, adem\u00e1s de conocer sus necesidades, problemas o expectativas en relaci\u00f3n a salud y servicios comunitarios de la comuna de San Esteban, para posteriormente generar un plan de acci\u00f3n que proporcione la soluci\u00f3n de las problem\u00e1ticas pesquisadas.<\/p>\n\n\n\n<p>Para llevar a cabo este gran diagn\u00f3stico se visitaron los clubes con funcionarios del departamento, quienes, a trav\u00e9s de diferentes metodolog\u00edas. En primera instancia, se formaron grupos para trabajar un diagrama institucional, enumerando y ordenando por importancia los servicios, instituciones, departamentos, etc. que ellos conoc\u00edan. Posteriormente se llevaron a cabo conversatorios y las personas rellenaron un formulario de soluciones a las problem\u00e1ticas expuestas.<\/p>\n\n\n\n<p>\u201cLlevamos a cabo un diagn\u00f3stico participativo ejecutado por el programa m\u00e1s adultos mayores Autovalentes, instancia en la cual se realiz\u00f3 un levantamiento de necesidades y problem\u00e1ticas que aquejan a las personas mayores. Este diagn\u00f3stico fue llevado a cabo en cada uno de los sectores de la comuna, distribuidos en el sector 1 rojo, sector 2 azul y 3 verde. Ahora el programa est\u00e1 haciendo la recopilaci\u00f3n y s\u00edntesis de los datos obtenidos para dar respuesta a las problem\u00e1ticas se\u00f1aladas\u201d, agreg\u00f3 Valentina Figueroa, terapeuta ocupacional encargada del programa \u201cM\u00e1s Adultos Mayores Autovalentes en San Esteban.<\/p>\n\n\n\n<p>El diagn\u00f3stico se encuentra en su etapa final, donde est\u00e1 siendo analizado por el equipo del programa, para poder agrupar las necesidades propuestas y conocer cu\u00e1les son las instancias m\u00e1s requeridas por los adultos mayores.<\/p>\n","protected":false},"excerpt":{"rendered":"<p>El programa \u201cM\u00e1s Adultos Mayores\u201d ejecut\u00f3 el diagn\u00f3stico, donde participaron m\u00e1s decenas de adultos mayores. El programa \u201cMas Adultos Mayores Autovalentes\u201d del Departamento de Salud Municipal de San Esteban, realiz\u00f3 un diagn\u00f3stico participativo con sus usuarios para conocer las necesidades e intereses de las personas mayores en la comuna, abarcando 18 clubes de adulto mayor &hellip;<\/p>\n","protected":false},"author":2,"featured_media":4209,"comment_status":"open","ping_status":"open","sticky":false,"template":"","format":"standard","meta":{"spay_email":""},"categories":[5],"tags":[8],"jetpack_featured_media_url":"https:\/\/lavozdesanesteban.cl\/wp-content\/uploads\/2024\/05\/DIAGNO\u0301STICO-PARTICIPATIVO-AM-SAN-ESTEBAN-1.jpg","_links":{"self":[{"href":"https:\/\/lavozdesanesteban.cl\/index.php\/wp-json\/wp\/v2\/posts\/4207"}],"collection":[{"href":"https:\/\/lavozdesanesteban.cl\/index.php\/wp-json\/wp\/v2\/posts"}],"about":[{"href":"https:\/\/lavozdesanesteban.cl\/index.php\/wp-json\/wp\/v2\/types\/post"}],"author":[{"embeddable":true,"href":"https:\/\/lavozdesanesteban.cl\/index.php\/wp-json\/wp\/v2\/users\/2"}],"replies":[{"embeddable":true,"href":"https:\/\/lavozdesanesteban.cl\/index.php\/wp-json\/wp\/v2\/comments?post=4207"}],"version-history":[{"count":1,"href":"https:\/\/lavozdesanesteban.cl\/index.php\/wp-json\/wp\/v2\/posts\/4207\/revisions"}],"predecessor-version":[{"id":4210,"href":"https:\/\/lavozdesanesteban.cl\/index.php\/wp-json\/wp\/v2\/posts\/4207\/revisions\/4210"}],"wp:featuredmedia":[{"embeddable":true,"href":"https:\/\/lavozdesanesteban.cl\/index.php\/wp-json\/wp\/v2\/media\/4209"}],"wp:attachment":[{"href":"https:\/\/lavozdesanesteban.cl\/index.php\/wp-json\/wp\/v2\/media?parent=4207"}],"wp:term":[{"taxonomy":"category","embeddable":true,"href":"https:\/\/lavozdesanesteban.cl\/index.php\/wp-json\/wp\/v2\/categories?post=4207"},{"taxonomy":"post_tag","embeddable":true,"href":"https:\/\/lavozdesanesteban.cl\/index.php\/wp-json\/wp\/v2\/tags?post=4207"}],"curies":[{"name":"wp","href":"https:\/\/api.w.org\/{rel}","templated":true}]}}