{"id":4212,"date":"2024-05-16T03:17:19","date_gmt":"2024-05-16T03:17:19","guid":{"rendered":"https:\/\/lavozdesanesteban.cl\/?p=4212"},"modified":"2024-05-16T03:18:05","modified_gmt":"2024-05-16T03:18:05","slug":"departamento-de-salud-oln-y-senda-san-esteban-realizaran-por-segundo-ano-el-concurso-de-dibujo-pinceles-contra-el-tabaco","status":"publish","type":"post","link":"https:\/\/lavozdesanesteban.cl\/index.php\/2024\/05\/16\/departamento-de-salud-oln-y-senda-san-esteban-realizaran-por-segundo-ano-el-concurso-de-dibujo-pinceles-contra-el-tabaco\/","title":{"rendered":"Departamento de Salud, OLN y SENDA San Esteban realizar\u00e1n por segundo a\u00f1o el Concurso de Dibujo \u201cPinceles contra el tabaco\u201d"},"content":{"rendered":"\n<p><\/p>\n\n\n\n<ul><li>El objetivo de esta iniciativa es promover la creatividad de los ni\u00f1os y ni\u00f1as de la comuna para informar sobre los peligros asociados al tabaquismo.<\/li><\/ul>\n\n\n\n<p>Este 31 de mayo se conmemora el D\u00eda Mundial Sin Tabaco, fecha que busca generar conciencia en las personas sobre los da\u00f1os que provoca fumar. Bajo ese contexto, el Departamento de Salud, a trav\u00e9s del programa \u201cPromoci\u00f3n de Salud\u201d, junto a la oficina Local de la Ni\u00f1ez y el programa SENDA de San Esteban llevar\u00e1n a cabo la segunda edici\u00f3n del Concurso de Dibujo \u201cPinceles contra el tabaco, mi comuna respetuosa y libre de humo\u201d, iniciativa para que ni\u00f1as, ni\u00f1os y adolescentes, a trav\u00e9s de dibujos, puedan expresar y promover el no consumo del cigarrillo.<\/p>\n\n\n\n<p>Esta nueva edici\u00f3n, que ser\u00e1 de t\u00e9cnica libre y se premiar\u00e1 la creatividad de las y los participantes, permitir\u00e1 la participaci\u00f3n de ni\u00f1os, ni\u00f1as y j\u00f3venes estudiantes que estudian fuera de San Esteban, pero que son residentes de la comuna. Junto con ello, extendieron la participaci\u00f3n tambi\u00e9n para los alumnos de la modalidad vespertina del Liceo San Esteban.<\/p>\n\n\n\n<p>En ese sentido, Claudio Mu\u00f1oz, coordinador del Programa SENDA Previene de San Esteban, afirm\u00f3 que \u201ccada 31 de mayo, se conmemora a nivel mundial el d\u00eda sin tabaco, en ese sentido, el Programa SENDA, con la colaboraci\u00f3n de la Oficina Local de la Ni\u00f1ez y el Departamento de Saludo impulsamos la segunda edici\u00f3n de este concurso de dibujo \u201cPinceles contra el Tabaco\u201d, dirigido a ni\u00f1os de 10 a\u00f1os (5to b\u00e1sico) a 18 a\u00f1os (4to medio). El objetivo de este concurso es, por una parte, promover los estilos de vida saludables, como tambi\u00e9n que los estudiantes desarrollen su creatividad en la prevenci\u00f3n del consumo de tabaco y que esto lo podamos vincular tambi\u00e9n con el cuidado del medio ambiente, que es parte del lineamiento de nuestra administraci\u00f3n\u201d, afirm\u00f3.<\/p>\n\n\n\n<p>Los interesados en participar deben dejar sus trabajos en dependencias del CESFAM, los respectivos establecimientos educacionales de la comuna, la Oficina SENDA Previene (ubicada en DIDECO, Avenida Alessandri 150), y la Oficina Local de la Ni\u00f1ez (con direcci\u00f3n en Avenida 26 de diciembre #135) hasta el pr\u00f3ximo viernes 17 de mayo.<\/p>\n\n\n\n<p>Posteriormente, los dibujos seleccionados ser\u00e1n expuestos en los diferentes establecimientos educacionales y centros de salud de la comuna.<\/p>\n","protected":false},"excerpt":{"rendered":"<p>El objetivo de esta iniciativa es promover la creatividad de los ni\u00f1os y ni\u00f1as de la comuna para informar sobre los peligros asociados al tabaquismo. Este 31 de mayo se conmemora el D\u00eda Mundial Sin Tabaco, fecha que busca generar conciencia en las personas sobre los da\u00f1os que provoca fumar. Bajo ese contexto, el Departamento &hellip;<\/p>\n","protected":false},"author":2,"featured_media":4208,"comment_status":"open","ping_status":"open","sticky":false,"template":"","format":"standard","meta":{"spay_email":""},"categories":[2],"tags":[8],"jetpack_featured_media_url":"https:\/\/lavozdesanesteban.cl\/wp-content\/uploads\/2024\/05\/ESTUDIANTES-DIBUJANDO-2.jpg","_links":{"self":[{"href":"https:\/\/lavozdesanesteban.cl\/index.php\/wp-json\/wp\/v2\/posts\/4212"}],"collection":[{"href":"https:\/\/lavozdesanesteban.cl\/index.php\/wp-json\/wp\/v2\/posts"}],"about":[{"href":"https:\/\/lavozdesanesteban.cl\/index.php\/wp-json\/wp\/v2\/types\/post"}],"author":[{"embeddable":true,"href":"https:\/\/lavozdesanesteban.cl\/index.php\/wp-json\/wp\/v2\/users\/2"}],"replies":[{"embeddable":true,"href":"https:\/\/lavozdesanesteban.cl\/index.php\/wp-json\/wp\/v2\/comments?post=4212"}],"version-history":[{"count":1,"href":"https:\/\/lavozdesanesteban.cl\/index.php\/wp-json\/wp\/v2\/posts\/4212\/revisions"}],"predecessor-version":[{"id":4213,"href":"https:\/\/lavozdesanesteban.cl\/index.php\/wp-json\/wp\/v2\/posts\/4212\/revisions\/4213"}],"wp:featuredmedia":[{"embeddable":true,"href":"https:\/\/lavozdesanesteban.cl\/index.php\/wp-json\/wp\/v2\/media\/4208"}],"wp:attachment":[{"href":"https:\/\/lavozdesanesteban.cl\/index.php\/wp-json\/wp\/v2\/media?parent=4212"}],"wp:term":[{"taxonomy":"category","embeddable":true,"href":"https:\/\/lavozdesanesteban.cl\/index.php\/wp-json\/wp\/v2\/categories?post=4212"},{"taxonomy":"post_tag","embeddable":true,"href":"https:\/\/lavozdesanesteban.cl\/index.php\/wp-json\/wp\/v2\/tags?post=4212"}],"curies":[{"name":"wp","href":"https:\/\/api.w.org\/{rel}","templated":true}]}}