{"id":4217,"date":"2024-05-16T03:26:47","date_gmt":"2024-05-16T03:26:47","guid":{"rendered":"https:\/\/lavozdesanesteban.cl\/?p=4217"},"modified":"2024-05-16T03:26:51","modified_gmt":"2024-05-16T03:26:51","slug":"desfile-a-las-glorias-navales-convoco-a-comunidad-educativa-y-voluntariados-de-los-andes","status":"publish","type":"post","link":"https:\/\/lavozdesanesteban.cl\/index.php\/2024\/05\/16\/desfile-a-las-glorias-navales-convoco-a-comunidad-educativa-y-voluntariados-de-los-andes\/","title":{"rendered":"Desfile a las Glorias Navales convoc\u00f3 a comunidad educativa y voluntariados de Los Andes"},"content":{"rendered":"\n<p><\/p>\n\n\n\n<p><em>Estudiantes de Los Andes se lucieron en el homenaje por adelantado que se hizo a la Glorias Navales y a los h\u00e9roes del Combate Naval de Iquique.<\/em><\/p>\n\n\n\n<p>Con la idea de preservar nuestras tradiciones, honrar nuestra historia, manteniendo viva la esencia de quienes somos y de d\u00f3nde venimos, hoy se rindi\u00f3 homenaje a las Glorias Navales, conmemorando el 145\u00b0 aniversario del Combate Naval de Iquique, con un desfile c\u00edvico &#8211; militar, donde los grandes protagonistas fueron los estudiantes de la comuna, (exceptuando jardines infantiles) y las instituciones del voluntariado y sociedad civil.<\/p>\n\n\n\n<p>En la actividad estuvieron presentes una unidad de formaci\u00f3n del Destacamento de Monta\u00f1a N\u00b0 3 Yungay, autoridades civiles y militares, adem\u00e1s de una alocuci\u00f3n patri\u00f3tica del profesor Gonzalo Guti\u00e9rrez.<\/p>\n\n\n\n<p>El alcalde Manuel Rivera, quien adem\u00e1s particip\u00f3 como integrante de la banda de guerra de los ex alumnos maristas, manifest\u00f3 que estamos \u201corgullosos de los estudiantes de nuestra comuna, junto a las fuerzas vivas, muchas instituciones, que a pesar de este fr\u00edo enorme que hay en nuestra ciudad, en el d\u00eda m\u00e1s helado, ac\u00e1 en la plaza que lleva el nombre del glorioso h\u00e9roe de nuestra patria, don Arturo Prat Chac\u00f3n\u201d.<\/p>\n\n\n\n<p>El delegado Presidencial Provincial, Cristi\u00e1n Aravena, dijo que fue \u201cun desfile impecable de todas las instituciones, especialmente tambi\u00e9n de los establecimientos educacionales. Una tremenda demostraci\u00f3n de parte de todos quienes participaron en este desfile. Todas las instituciones que participaron, todos los colegios impecablemente vestidos y en forma muy, muy ordenada. As\u00ed que destacar todo este acto y felicitaciones al municipio por el desarrollo de esta actividad\u201d.<\/p>\n","protected":false},"excerpt":{"rendered":"<p>Estudiantes de Los Andes se lucieron en el homenaje por adelantado que se hizo a la Glorias Navales y a los h\u00e9roes del Combate Naval de Iquique. Con la idea de preservar nuestras tradiciones, honrar nuestra historia, manteniendo viva la esencia de quienes somos y de d\u00f3nde venimos, hoy se rindi\u00f3 homenaje a las Glorias &hellip;<\/p>\n","protected":false},"author":2,"featured_media":4218,"comment_status":"open","ping_status":"open","sticky":false,"template":"","format":"standard","meta":{"spay_email":""},"categories":[7],"tags":[8],"jetpack_featured_media_url":"https:\/\/lavozdesanesteban.cl\/wp-content\/uploads\/2024\/05\/4.jpeg","_links":{"self":[{"href":"https:\/\/lavozdesanesteban.cl\/index.php\/wp-json\/wp\/v2\/posts\/4217"}],"collection":[{"href":"https:\/\/lavozdesanesteban.cl\/index.php\/wp-json\/wp\/v2\/posts"}],"about":[{"href":"https:\/\/lavozdesanesteban.cl\/index.php\/wp-json\/wp\/v2\/types\/post"}],"author":[{"embeddable":true,"href":"https:\/\/lavozdesanesteban.cl\/index.php\/wp-json\/wp\/v2\/users\/2"}],"replies":[{"embeddable":true,"href":"https:\/\/lavozdesanesteban.cl\/index.php\/wp-json\/wp\/v2\/comments?post=4217"}],"version-history":[{"count":1,"href":"https:\/\/lavozdesanesteban.cl\/index.php\/wp-json\/wp\/v2\/posts\/4217\/revisions"}],"predecessor-version":[{"id":4219,"href":"https:\/\/lavozdesanesteban.cl\/index.php\/wp-json\/wp\/v2\/posts\/4217\/revisions\/4219"}],"wp:featuredmedia":[{"embeddable":true,"href":"https:\/\/lavozdesanesteban.cl\/index.php\/wp-json\/wp\/v2\/media\/4218"}],"wp:attachment":[{"href":"https:\/\/lavozdesanesteban.cl\/index.php\/wp-json\/wp\/v2\/media?parent=4217"}],"wp:term":[{"taxonomy":"category","embeddable":true,"href":"https:\/\/lavozdesanesteban.cl\/index.php\/wp-json\/wp\/v2\/categories?post=4217"},{"taxonomy":"post_tag","embeddable":true,"href":"https:\/\/lavozdesanesteban.cl\/index.php\/wp-json\/wp\/v2\/tags?post=4217"}],"curies":[{"name":"wp","href":"https:\/\/api.w.org\/{rel}","templated":true}]}}