{"id":4364,"date":"2024-08-07T03:53:06","date_gmt":"2024-08-07T03:53:06","guid":{"rendered":"https:\/\/lavozdesanesteban.cl\/?p=4364"},"modified":"2024-08-07T03:53:07","modified_gmt":"2024-08-07T03:53:07","slug":"municipio-arrendara-dependencias-del-ex-hogar-de-cristo-para-futuro-centro-integrado-de-personas-mayores","status":"publish","type":"post","link":"https:\/\/lavozdesanesteban.cl\/index.php\/2024\/08\/07\/municipio-arrendara-dependencias-del-ex-hogar-de-cristo-para-futuro-centro-integrado-de-personas-mayores\/","title":{"rendered":"Municipio arrendar\u00e1 dependencias del ex Hogar de Cristo para futuro Centro integrado de Personas Mayores"},"content":{"rendered":"\n<p><\/p>\n\n\n\n<p><em>Gestiones municipales y solicitud de vecinos y vecinas<\/em><\/p>\n\n\n\n<p>Tras intensas gestiones se avanz\u00f3 en las negociaciones para formalizar un convenio que permita al municipio tomar posesi\u00f3n de una infraestructura que ha sido abandonada por el Hogar de Cristo Este espacio, que en su momento alberg\u00f3 dependencias del Hogar de Cristo, ser\u00e1 recuperado para responder a una solicitud de los vecinos, quienes buscan transformar este sitio, actualmente inseguro, en un centro de atenci\u00f3n para adultos mayores. La infraestructura se encuentra en condiciones bastante aceptables, y tras los arreglos necesarios, se prev\u00e9 que pueda cumplir con las expectativas comunitarias.<\/p>\n\n\n\n<p>La propuesta del municipio es revitalizar esta infraestructura con el fin de establecer un centro de atenci\u00f3n integral para la tercera edad, abordando as\u00ed una creciente necesidad en los barrios circundantes. La iniciativa no solo busca devolver la seguridad al \u00e1rea, que se ha deteriorado en tiempos recientes, sino tambi\u00e9n conmemorar el mes de agosto, conocido por su enfoque en la solidaridad. Este proyecto representa un paso importante hacia el fortalecimiento del apoyo comunitario y la mejora de la calidad de vida de los adultos mayores en la regi\u00f3n.<\/p>\n\n\n\n<p>En visita junto a los profesionales y ejecutivos del Hogar de cristo y del municipio, el alcalde Manuel Rivera dijo que queremos v\u00eda contrato \u201cadquirir una infraestructura abandonada por esta organizaci\u00f3n. El objetivo es convertir el espacio, actualmente inseguro, en un centro de atenci\u00f3n para adultos mayores, atendiendo la solicitud de los vecinos. La estructura, que estuvo en uso hasta hace poco, est\u00e1 en condiciones aceptables y ser\u00e1 renovada. Este proyecto busca recuperar la seguridad en los barrios y se planea anunciar en agosto, mes de la solidaridad\u201d.<\/p>\n\n\n\n<p>Rosa L\u00f3pez Ponce, presidenta de la Junta de Vecinos, 18 de septiembre sostuvo que es \u201cmaravilloso. Algo que est\u00e1bamos anhelando por mucho tiempo, cuando fue abandonado este Hogar de Cristo, si no es por los vecinos que con limitan el hogar, esto estar\u00eda todav\u00eda tomado, m\u00e1s destruido de lo que est\u00e1. As\u00ed que, para nosotros, esto es un gran avance y ayudar a la comunidad, a los adultos mayores, como lo dijo el se\u00f1or alcalde.\u201d<\/p>\n","protected":false},"excerpt":{"rendered":"<p>Gestiones municipales y solicitud de vecinos y vecinas Tras intensas gestiones se avanz\u00f3 en las negociaciones para formalizar un convenio que permita al municipio tomar posesi\u00f3n de una infraestructura que ha sido abandonada por el Hogar de Cristo Este espacio, que en su momento alberg\u00f3 dependencias del Hogar de Cristo, ser\u00e1 recuperado para responder a &hellip;<\/p>\n","protected":false},"author":2,"featured_media":4365,"comment_status":"open","ping_status":"open","sticky":false,"template":"","format":"standard","meta":{"spay_email":""},"categories":[7],"tags":[8],"jetpack_featured_media_url":"https:\/\/lavozdesanesteban.cl\/wp-content\/uploads\/2024\/08\/CRISTO.jpeg","_links":{"self":[{"href":"https:\/\/lavozdesanesteban.cl\/index.php\/wp-json\/wp\/v2\/posts\/4364"}],"collection":[{"href":"https:\/\/lavozdesanesteban.cl\/index.php\/wp-json\/wp\/v2\/posts"}],"about":[{"href":"https:\/\/lavozdesanesteban.cl\/index.php\/wp-json\/wp\/v2\/types\/post"}],"author":[{"embeddable":true,"href":"https:\/\/lavozdesanesteban.cl\/index.php\/wp-json\/wp\/v2\/users\/2"}],"replies":[{"embeddable":true,"href":"https:\/\/lavozdesanesteban.cl\/index.php\/wp-json\/wp\/v2\/comments?post=4364"}],"version-history":[{"count":1,"href":"https:\/\/lavozdesanesteban.cl\/index.php\/wp-json\/wp\/v2\/posts\/4364\/revisions"}],"predecessor-version":[{"id":4366,"href":"https:\/\/lavozdesanesteban.cl\/index.php\/wp-json\/wp\/v2\/posts\/4364\/revisions\/4366"}],"wp:featuredmedia":[{"embeddable":true,"href":"https:\/\/lavozdesanesteban.cl\/index.php\/wp-json\/wp\/v2\/media\/4365"}],"wp:attachment":[{"href":"https:\/\/lavozdesanesteban.cl\/index.php\/wp-json\/wp\/v2\/media?parent=4364"}],"wp:term":[{"taxonomy":"category","embeddable":true,"href":"https:\/\/lavozdesanesteban.cl\/index.php\/wp-json\/wp\/v2\/categories?post=4364"},{"taxonomy":"post_tag","embeddable":true,"href":"https:\/\/lavozdesanesteban.cl\/index.php\/wp-json\/wp\/v2\/tags?post=4364"}],"curies":[{"name":"wp","href":"https:\/\/api.w.org\/{rel}","templated":true}]}}