{"id":4385,"date":"2024-08-10T03:51:32","date_gmt":"2024-08-10T03:51:32","guid":{"rendered":"https:\/\/lavozdesanesteban.cl\/?p=4385"},"modified":"2024-08-10T03:51:33","modified_gmt":"2024-08-10T03:51:33","slug":"sin-contratiempos-avanza-obra-de-alcantarillado-teodoro-zenteno-de-san-esteban","status":"publish","type":"post","link":"https:\/\/lavozdesanesteban.cl\/index.php\/2024\/08\/10\/sin-contratiempos-avanza-obra-de-alcantarillado-teodoro-zenteno-de-san-esteban\/","title":{"rendered":"Sin contratiempos avanza obra de alcantarillado Teodoro Zenteno de San Esteban"},"content":{"rendered":"\n<p><\/p>\n\n\n\n<ul><li>Proyecto, que tiene un costo de inversi\u00f3n que supera los 3 mil millones de pesos, ya presenta un 30% de avance y mejorar\u00e1 la calidad de vida de cerca de 700 familias de la comuna que necesitaban una soluci\u00f3n sanitaria definitiva.<\/li><\/ul>\n\n\n\n<p>El proyecto de alcantarillado Teodoro Zenteno avance sin contratiempos, alcanzando \u2013 hasta la fecha \u2013 un 30% de avance. La informaci\u00f3n fue entregada por el municipio de San Esteban, raz\u00f3n por la cual, su alcalde Christian Ortega, visit\u00f3 las obras para verificar en terreno su desarrollo.<\/p>\n\n\n\n<p>Esta iniciativa, que tiene un costo de inversi\u00f3n que supera los 3 mil millones de pesos, era altamente anhelada por los vecinos, quienes en pleno 2024 a\u00fan no cuentan con una soluci\u00f3n sanitaria definitiva.<\/p>\n\n\n\n<p>En ese sentido, Ortega manifest\u00f3 que \u201cestamos visitando las obras de construcci\u00f3n de este alcantarillado, que vendr\u00e1 a mejorar la calidad de vida de muchas familias de San Esteban que, durante a\u00f1os, requer\u00edan esta soluci\u00f3n. Ya se encuentran en la etapa de excavaciones profundas, por lo que es importante que los vecinos sepan que habr\u00e1 desv\u00edos de tr\u00e1nsito, por lo que es necesario que programen sus viajes\u201d, afirm\u00f3.<\/p>\n\n\n\n<p>Este trabajo vendr\u00e1 a resolver una necesidad para los vecinos de las villas Gabriela Mistral, Trinidad, Esmeralda, Nazareno y al comit\u00e9 Creando Futuro.<\/p>\n\n\n\n<p>Cabe recordar que la ejecuci\u00f3n de estas obras se logr\u00f3 gracias a la gestiones de la actual administraci\u00f3n municipal ante el Gobierno Regional, quienes aprobaron los recursos para su ejecuci\u00f3n.<\/p>\n","protected":false},"excerpt":{"rendered":"<p>Proyecto, que tiene un costo de inversi\u00f3n que supera los 3 mil millones de pesos, ya presenta un 30% de avance y mejorar\u00e1 la calidad de vida de cerca de 700 familias de la comuna que necesitaban una soluci\u00f3n sanitaria definitiva. El proyecto de alcantarillado Teodoro Zenteno avance sin contratiempos, alcanzando \u2013 hasta la fecha &hellip;<\/p>\n","protected":false},"author":2,"featured_media":4386,"comment_status":"open","ping_status":"open","sticky":false,"template":"","format":"standard","meta":{"spay_email":""},"categories":[2],"tags":[8],"jetpack_featured_media_url":"https:\/\/lavozdesanesteban.cl\/wp-content\/uploads\/2024\/08\/ALCANTARILLADO-scaled.jpg","_links":{"self":[{"href":"https:\/\/lavozdesanesteban.cl\/index.php\/wp-json\/wp\/v2\/posts\/4385"}],"collection":[{"href":"https:\/\/lavozdesanesteban.cl\/index.php\/wp-json\/wp\/v2\/posts"}],"about":[{"href":"https:\/\/lavozdesanesteban.cl\/index.php\/wp-json\/wp\/v2\/types\/post"}],"author":[{"embeddable":true,"href":"https:\/\/lavozdesanesteban.cl\/index.php\/wp-json\/wp\/v2\/users\/2"}],"replies":[{"embeddable":true,"href":"https:\/\/lavozdesanesteban.cl\/index.php\/wp-json\/wp\/v2\/comments?post=4385"}],"version-history":[{"count":1,"href":"https:\/\/lavozdesanesteban.cl\/index.php\/wp-json\/wp\/v2\/posts\/4385\/revisions"}],"predecessor-version":[{"id":4387,"href":"https:\/\/lavozdesanesteban.cl\/index.php\/wp-json\/wp\/v2\/posts\/4385\/revisions\/4387"}],"wp:featuredmedia":[{"embeddable":true,"href":"https:\/\/lavozdesanesteban.cl\/index.php\/wp-json\/wp\/v2\/media\/4386"}],"wp:attachment":[{"href":"https:\/\/lavozdesanesteban.cl\/index.php\/wp-json\/wp\/v2\/media?parent=4385"}],"wp:term":[{"taxonomy":"category","embeddable":true,"href":"https:\/\/lavozdesanesteban.cl\/index.php\/wp-json\/wp\/v2\/categories?post=4385"},{"taxonomy":"post_tag","embeddable":true,"href":"https:\/\/lavozdesanesteban.cl\/index.php\/wp-json\/wp\/v2\/tags?post=4385"}],"curies":[{"name":"wp","href":"https:\/\/api.w.org\/{rel}","templated":true}]}}