{"id":4400,"date":"2024-08-14T01:42:32","date_gmt":"2024-08-14T01:42:32","guid":{"rendered":"https:\/\/lavozdesanesteban.cl\/?p=4400"},"modified":"2024-08-14T01:43:16","modified_gmt":"2024-08-14T01:43:16","slug":"inauguran-renovada-multicancha-en-sector-las-vizcachas","status":"publish","type":"post","link":"https:\/\/lavozdesanesteban.cl\/index.php\/2024\/08\/14\/inauguran-renovada-multicancha-en-sector-las-vizcachas\/","title":{"rendered":"Inauguran renovada multicancha en sector Las Vizcachas"},"content":{"rendered":"\n<p><\/p>\n\n\n\n<ul><li>\u25cf&nbsp;&nbsp;&nbsp;&nbsp;&nbsp;&nbsp;&nbsp; <strong><em>El evento cont\u00f3 con la participaci\u00f3n especial del exarquero Sergio \u201cSuperman\u201d Vargas, y se enmarca dentro de la alianza de trabajo entre la Municipalidad de Los Andes, Fundaci\u00f3n Huella Local y la empresa Colb\u00fan, a trav\u00e9s de su Complejo Aconcagua.<\/em><\/strong><\/li><\/ul>\n\n\n\n<p>La comunidad del sector de Las Vizcachas, en Camino Internacional, celebr\u00f3 la inauguraci\u00f3n oficial de su renovada multicancha, proyecto que se materializ\u00f3 gracias a la alianza entre la Municipalidad de Los Andes, la empresa Colb\u00fan y la Fundaci\u00f3n Huella Local.<\/p>\n\n\n\n<p>La iniciativa, que comenz\u00f3 con los trabajos de mejora a principios de julio, incluy\u00f3 la instalaci\u00f3n de infraestructura deportiva moderna y funcional, como arcos de f\u00fatbol, aros de b\u00e1squetbol y parantes de voleibol. Se realizaron tambi\u00e9n trabajos de demarcaci\u00f3n para permitir la pr\u00e1ctica de m\u00faltiples disciplinas, as\u00ed como mejoras en el cierre perimetral y en zonas deterioradas.<\/p>\n\n\n\n<p>Uno de los aspectos m\u00e1s destacados del proyecto es la nueva iluminaci\u00f3n, que fue instalada con un tendido el\u00e9ctrico subterr\u00e1neo para garantizar seguridad y visibilidad durante las actividades nocturnas. Adem\u00e1s, se construy\u00f3 un estanque acumulador de agua con su respectiva bomba, que facilitar\u00e1 el mantenimiento del espacio.<\/p>\n\n\n\n<p><strong>Noem\u00ed Guerrero, presidenta de la Junta de Vecinos de Las Vizcachas<\/strong>, coment\u00f3 que \u201cestamos maravillados y muy contentos con este proyecto que no solo fomenta el deporte, ya que tambi\u00e9n contribuye a que los ni\u00f1os no tomen otros rumbos. Agradecemos a Colb\u00fan y ya estamos pensando en la segunda fase del techo para completar nuestras actividades\u201d.<\/p>\n\n\n\n<p><strong>Manuel Rivera, alcalde de Los Andes<\/strong>, destac\u00f3 que \u201ceste tipo de alianzas estrat\u00e9gicas son un aporte, ya que liberan recursos que podemos destinar a otras comunidades. El deporte es la mejor herramienta de desarrollo comunitario y agradecemos compartir ese enfoque\u201d.<\/p>\n\n\n\n<p>Respecto de la importancia que tiene esta obra, <strong>Gonzalo Palacios, jefe de Asuntos P\u00fablicos Zona Centro-Norte de Colb\u00fan<\/strong>, precis\u00f3 que \u201cel proyecto de mejoramiento de esta multicancha es un claro ejemplo del impacto positivo que puede tener la colaboraci\u00f3n entre distintos actores. Trabajando con la Municipalidad de Los Andes y Huella Local, hemos logrado transformar un espacio comunitario en un lugar que no solo promueve el deporte, sino que tambi\u00e9n la integraci\u00f3n y el bienestar de los vecinos\u201d.<\/p>\n\n\n\n<p>El evento tambi\u00e9n cont\u00f3 con la presencia especial de Sergio \u201cSuperman\u201d Vargas, exarquero de Universidad de Chile, quien particip\u00f3 en una entretenida sesi\u00f3n de penales con la comunidad.<\/p>\n\n\n\n<p>La inauguraci\u00f3n marca un hito importante para el sector Las Vizcachas, ofreciendo a sus residentes un espacio renovado que promueve el deporte, el esparcimiento y la cohesi\u00f3n social.<\/p>\n","protected":false},"excerpt":{"rendered":"<p>\u25cf&nbsp;&nbsp;&nbsp;&nbsp;&nbsp;&nbsp;&nbsp; El evento cont\u00f3 con la participaci\u00f3n especial del exarquero Sergio \u201cSuperman\u201d Vargas, y se enmarca dentro de la alianza de trabajo entre la Municipalidad de Los Andes, Fundaci\u00f3n Huella Local y la empresa Colb\u00fan, a trav\u00e9s de su Complejo Aconcagua. La comunidad del sector de Las Vizcachas, en Camino Internacional, celebr\u00f3 la inauguraci\u00f3n oficial &hellip;<\/p>\n","protected":false},"author":2,"featured_media":4401,"comment_status":"open","ping_status":"open","sticky":false,"template":"","format":"standard","meta":{"spay_email":""},"categories":[7],"tags":[],"jetpack_featured_media_url":"https:\/\/lavozdesanesteban.cl\/wp-content\/uploads\/2024\/08\/multicancha.jpg","_links":{"self":[{"href":"https:\/\/lavozdesanesteban.cl\/index.php\/wp-json\/wp\/v2\/posts\/4400"}],"collection":[{"href":"https:\/\/lavozdesanesteban.cl\/index.php\/wp-json\/wp\/v2\/posts"}],"about":[{"href":"https:\/\/lavozdesanesteban.cl\/index.php\/wp-json\/wp\/v2\/types\/post"}],"author":[{"embeddable":true,"href":"https:\/\/lavozdesanesteban.cl\/index.php\/wp-json\/wp\/v2\/users\/2"}],"replies":[{"embeddable":true,"href":"https:\/\/lavozdesanesteban.cl\/index.php\/wp-json\/wp\/v2\/comments?post=4400"}],"version-history":[{"count":1,"href":"https:\/\/lavozdesanesteban.cl\/index.php\/wp-json\/wp\/v2\/posts\/4400\/revisions"}],"predecessor-version":[{"id":4402,"href":"https:\/\/lavozdesanesteban.cl\/index.php\/wp-json\/wp\/v2\/posts\/4400\/revisions\/4402"}],"wp:featuredmedia":[{"embeddable":true,"href":"https:\/\/lavozdesanesteban.cl\/index.php\/wp-json\/wp\/v2\/media\/4401"}],"wp:attachment":[{"href":"https:\/\/lavozdesanesteban.cl\/index.php\/wp-json\/wp\/v2\/media?parent=4400"}],"wp:term":[{"taxonomy":"category","embeddable":true,"href":"https:\/\/lavozdesanesteban.cl\/index.php\/wp-json\/wp\/v2\/categories?post=4400"},{"taxonomy":"post_tag","embeddable":true,"href":"https:\/\/lavozdesanesteban.cl\/index.php\/wp-json\/wp\/v2\/tags?post=4400"}],"curies":[{"name":"wp","href":"https:\/\/api.w.org\/{rel}","templated":true}]}}