{"id":4403,"date":"2024-08-15T01:55:10","date_gmt":"2024-08-15T01:55:10","guid":{"rendered":"https:\/\/lavozdesanesteban.cl\/?p=4403"},"modified":"2024-08-15T01:55:11","modified_gmt":"2024-08-15T01:55:11","slug":"unimarc-inaugura-su-primer-supermercado-en-la-comuna-de-san-esteban","status":"publish","type":"post","link":"https:\/\/lavozdesanesteban.cl\/index.php\/2024\/08\/15\/unimarc-inaugura-su-primer-supermercado-en-la-comuna-de-san-esteban\/","title":{"rendered":"Unimarc inaugura su primer supermercado en la comuna de San Esteban"},"content":{"rendered":"\n<p><\/p>\n\n\n\n<ul><li>La nueva tienda es la quinta inauguraci\u00f3n del formato de este a\u00f1o.Con esta apertura, Unimarc suma su local n\u00famero 294 y consolida su presencia en la regi\u00f3n de Valpara\u00edso.<strong><em><\/em><\/strong><\/li><\/ul>\n\n\n\n<p><a><\/a>Desde hoy, los vecinos San Esteban cuentan con el primer supermercado Unimarc en la comuna, siendo la quinta apertura de la cadena en lo que va del a\u00f1o. Este local forma parte del plan de crecimiento org\u00e1nico de SMU, una de las iniciativas principales de su estrategia 2023-2025.<\/p>\n\n\n\n<p><a><\/a>El local inaugurado, el Unimarc n\u00famero 294, est\u00e1 ubicado en Av. Arturo Alessandri Palma 50 (Local 1) y cuenta con 865 metros cuadrados de sala de venta. Se destaca el uso eficiente de energ\u00eda con instalaci\u00f3n de iluminaci\u00f3n led y muebles de fr\u00edo con puertas, adem\u00e1s de seis cajas de autoservicio que buscan agilizar la experiencia del cliente en la caja. La tienda ofrece un surtido con m\u00e1s de 6.000 productos, donde destacan las marcas propias de SMU y productos que son parte del programa 100% Nuestro de Unimarc, iniciativa que promueve el desarrollo de proveedores locales.<\/p>\n\n\n\n<figure class=\"wp-block-gallery columns-1 is-cropped\"><ul class=\"blocks-gallery-grid\"><li class=\"blocks-gallery-item\"><figure><img loading=\"lazy\" width=\"1024\" height=\"768\" src=\"https:\/\/lavozdesanesteban.cl\/wp-content\/uploads\/2024\/08\/CP-Unimarc-en-San-Esteban-1024x768.jpeg\" alt=\"\" data-id=\"4405\" data-full-url=\"https:\/\/lavozdesanesteban.cl\/wp-content\/uploads\/2024\/08\/CP-Unimarc-en-San-Esteban-scaled.jpeg\" data-link=\"https:\/\/lavozdesanesteban.cl\/?attachment_id=4405\" class=\"wp-image-4405\" srcset=\"https:\/\/lavozdesanesteban.cl\/wp-content\/uploads\/2024\/08\/CP-Unimarc-en-San-Esteban-1024x768.jpeg 1024w, https:\/\/lavozdesanesteban.cl\/wp-content\/uploads\/2024\/08\/CP-Unimarc-en-San-Esteban-300x225.jpeg 300w, https:\/\/lavozdesanesteban.cl\/wp-content\/uploads\/2024\/08\/CP-Unimarc-en-San-Esteban-768x576.jpeg 768w, https:\/\/lavozdesanesteban.cl\/wp-content\/uploads\/2024\/08\/CP-Unimarc-en-San-Esteban-1536x1152.jpeg 1536w, https:\/\/lavozdesanesteban.cl\/wp-content\/uploads\/2024\/08\/CP-Unimarc-en-San-Esteban-2048x1536.jpeg 2048w\" sizes=\"(max-width: 1024px) 100vw, 1024px\" \/><\/figure><\/li><\/ul><\/figure>\n\n\n\n<p>Lionel Gubler, gerente de Formato Unimarc destac\u00f3 \u201caqu\u00ed encontrar\u00e1n un supermercado de primer nivel, que ofrece un amplio surtido de productos que busca satisfacer las necesidades de todos, as\u00ed como interesantes promociones para ayudar al bolsillo de los vecinos. Seguiremos cumpliendo con nuestro prop\u00f3sito de&nbsp;estar cada vez m\u00e1s cerca de las familias a lo largo de Chile y de hacerle la vida m\u00e1s f\u00e1cil a nuestros clientes\u201d.<\/p>\n\n\n\n<p>La ceremonia de inauguraci\u00f3n cont\u00f3 con la presencia del alcalde de la comuna, Christian Ortega, y representantes de la comunidad.<\/p>\n\n\n\n<p>Esta apertura contribuye a la generaci\u00f3n de empleo local ya que el 65% de los trabajadores de esta nueva tienda viven en la comuna de San Esteban. El alcalde valor\u00f3 esta apertura y se\u00f1al\u00f3 \u201ces muy importante para nosotros este Unimarc por el servicio que entrega y por ser una fuente laboral para nuestros vecinos. Nosotros nos enfrentamos a una dificultad que es el acceso a la ciudad de Los Andes y hoy, con este supermercado, los vecinos podr\u00e1n acceder a los servicios que ofrece en nuestra propia comuna\u201d.<\/p>\n\n\n\n<p>De esta forma Unimarc contin\u00faa ejecutando su plan de expansi\u00f3n, llegando a m\u00e1s clientes con una propuesta de valor atractiva que les hace la vida m\u00e1s f\u00e1cil.<\/p>\n","protected":false},"excerpt":{"rendered":"<p>La nueva tienda es la quinta inauguraci\u00f3n del formato de este a\u00f1o.Con esta apertura, Unimarc suma su local n\u00famero 294 y consolida su presencia en la regi\u00f3n de Valpara\u00edso. Desde hoy, los vecinos San Esteban cuentan con el primer supermercado Unimarc en la comuna, siendo la quinta apertura de la cadena en lo que va &hellip;<\/p>\n","protected":false},"author":2,"featured_media":4404,"comment_status":"open","ping_status":"open","sticky":false,"template":"","format":"standard","meta":{"spay_email":""},"categories":[2],"tags":[8],"jetpack_featured_media_url":"https:\/\/lavozdesanesteban.cl\/wp-content\/uploads\/2024\/08\/CP-Unimarc-en-San-Esteban-2-scaled.jpeg","_links":{"self":[{"href":"https:\/\/lavozdesanesteban.cl\/index.php\/wp-json\/wp\/v2\/posts\/4403"}],"collection":[{"href":"https:\/\/lavozdesanesteban.cl\/index.php\/wp-json\/wp\/v2\/posts"}],"about":[{"href":"https:\/\/lavozdesanesteban.cl\/index.php\/wp-json\/wp\/v2\/types\/post"}],"author":[{"embeddable":true,"href":"https:\/\/lavozdesanesteban.cl\/index.php\/wp-json\/wp\/v2\/users\/2"}],"replies":[{"embeddable":true,"href":"https:\/\/lavozdesanesteban.cl\/index.php\/wp-json\/wp\/v2\/comments?post=4403"}],"version-history":[{"count":1,"href":"https:\/\/lavozdesanesteban.cl\/index.php\/wp-json\/wp\/v2\/posts\/4403\/revisions"}],"predecessor-version":[{"id":4406,"href":"https:\/\/lavozdesanesteban.cl\/index.php\/wp-json\/wp\/v2\/posts\/4403\/revisions\/4406"}],"wp:featuredmedia":[{"embeddable":true,"href":"https:\/\/lavozdesanesteban.cl\/index.php\/wp-json\/wp\/v2\/media\/4404"}],"wp:attachment":[{"href":"https:\/\/lavozdesanesteban.cl\/index.php\/wp-json\/wp\/v2\/media?parent=4403"}],"wp:term":[{"taxonomy":"category","embeddable":true,"href":"https:\/\/lavozdesanesteban.cl\/index.php\/wp-json\/wp\/v2\/categories?post=4403"},{"taxonomy":"post_tag","embeddable":true,"href":"https:\/\/lavozdesanesteban.cl\/index.php\/wp-json\/wp\/v2\/tags?post=4403"}],"curies":[{"name":"wp","href":"https:\/\/api.w.org\/{rel}","templated":true}]}}