{"id":4443,"date":"2024-08-23T04:06:21","date_gmt":"2024-08-23T04:06:21","guid":{"rendered":"https:\/\/lavozdesanesteban.cl\/?p=4443"},"modified":"2024-08-23T04:06:23","modified_gmt":"2024-08-23T04:06:23","slug":"gobernador-regional-y-parlamentarios-acuerdan-avanzar-en-agenda-legislativa-para-la-proteccion-del-parque-andino-juncal-y-cuenca-del-aconcagua","status":"publish","type":"post","link":"https:\/\/lavozdesanesteban.cl\/index.php\/2024\/08\/23\/gobernador-regional-y-parlamentarios-acuerdan-avanzar-en-agenda-legislativa-para-la-proteccion-del-parque-andino-juncal-y-cuenca-del-aconcagua\/","title":{"rendered":"Gobernador Regional y parlamentarios acuerdan avanzar en agenda legislativa para la protecci\u00f3n del Parque Andino Juncal y cuenca del Aconcagua"},"content":{"rendered":"\n<p><\/p>\n\n\n\n<ul><li><em>En tercera sesi\u00f3n de la Comisi\u00f3n Alto Aconcagua, que cont\u00f3 con participaci\u00f3n de autoridades y organizaciones sociales, se enfatiz\u00f3 la importancia de trabajar en la legislaci\u00f3n sobre el tema.<\/em><strong><\/strong><\/li><\/ul>\n\n\n\n<p><a><\/a>Con el objetivo continuar avanzando en pos de la protecci\u00f3n de la cuenca del Aconcagua, se realiz\u00f3 la tercera sesi\u00f3n de la <strong>Comisi\u00f3n Alto Aconcagua<\/strong>, instancia convocada por el Gobernador Regional de Valpara\u00edso, Rodrigo Mundaca, junto a alcaldes, parlamentarios y organizaciones sociales de la zona, para consagrar esta reserva estrat\u00e9gica de agua dulce para la zona y la regi\u00f3n.<\/p>\n\n\n\n<p>En esta oportunidad se cont\u00f3 con una importante participaci\u00f3n de parlamentarios de la regi\u00f3n, con el prop\u00f3sito de trabajar una estrategia que permita una protecci\u00f3n efectiva tanto de la cuenca Aconcagua como del Parque Andino Juncal, explorando potenciales nuevos proyectos de ley, as\u00ed como tambi\u00e9n proyectos de ley existentes -y sus posibles indicaciones-, e identificando los vac\u00edos que existen para poder realizar cambios normativos, a nivel legislativo, en favor de la protecci\u00f3n de los bienes naturales.<\/p>\n\n\n\n<p>El <strong>Gobernador Regional, Rodrigo Mundaca,<\/strong> se\u00f1al\u00f3 respecto a esta convocatoria que \u201cTuvimos una participaci\u00f3n muy importante de gran parte de parlamentarios de nuestra regi\u00f3n. Esta es una comisi\u00f3n que se articul\u00f3 en torno a la defensa del Juncal, es un trabajo colectivo que se estructura en torno a la defensa de la reserva estrat\u00e9gica de agua dulce m\u00e1s importante que tiene la regi\u00f3n, donde hay un ecosistema que hay que proteger\u201d.<\/p>\n\n\n\n<p>Junto a esto, la m\u00e1xima autoridad regional recalc\u00f3 que \u201cSe dio un trabajo muy interesante con los parlamentarios; nos dividimos en distintas comisiones de trabajo donde se levantaron una serie de medidas parlamentarias que ponen en la centralidad hacer del agua un bien com\u00fan y derecho humano, proteger a las comunidades, proteger la biodiversidad, el patrimonio ecosist\u00e9mico del territorio. Estamos muy contentos con esta iniciativa y esperamos que esto se convierta en proyecto de ley\u201d.<\/p>\n\n\n\n<p>As\u00ed, en la sesi\u00f3n presidida por el Gobernador Regional, participaron la s<strong>enadora Isabel Allende<\/strong>, el <strong>senador Ignacio Latorre<\/strong>, el <strong>diputado Nelson Venegas<\/strong>, el <strong>diputado Diego Ib\u00e1\u00f1ez<\/strong>, la <strong>diputada Mar\u00eda Francisca Bello<\/strong>; tambi\u00e9n el <strong>alcalde de Putaendo,<\/strong> <strong>Mauricio Quiroz<\/strong>, la <strong>alcaldesa de Calle Larga, Dina Gonz\u00e1lez,<\/strong> y el <strong>consejero regional Eduardo Le\u00f3n<\/strong>, presidente de la Comisi\u00f3n de Medioambiente CORE. Adem\u00e1s, destac\u00f3 la presencia de representantes de organizaciones sociales, representantes del Parque Andino Juncal, y el director regional de la Direcci\u00f3n General de Aguas, Camilo Mansilla, entre otros actores relevantes.<\/p>\n\n\n\n<p>De esta manera, a trav\u00e9s de mesas de trabajo entre autoridades y la comunidad se abordaron tres temas prioritarios en la materia, como son miner\u00eda, agua y protecci\u00f3n de ecosistemas, para los que se acordaron acciones que ser\u00e1n discutidas en el Congreso Nacional con el fin de impulsar la protecci\u00f3n de la cabecera de cuenca del Aconcagua, as\u00ed como las de todo el pa\u00eds.<\/p>\n\n\n\n<p>La <strong>diputada Mar\u00eda Francisca Bello<\/strong> coment\u00f3 que \u201cFue una excelente reuni\u00f3n. Estamos viendo un instrumento de planificaci\u00f3n nuevo y novedoso que viene a proteger la cuenca del Aconcagua, los problemas que tenemos en el Aconcagua, por ejemplo, el Juncal y muchos m\u00e1s. Hoy se dio un buen di\u00e1logo entre las organizaciones sociales y los parlamentarios, una simbiosis bastante interesante respecto a c\u00f3mo podemos avanzar en proyectos de ley que le hagan sentido a la ciudadan\u00eda y tambi\u00e9n protejan estas fuentes de agua pr\u00edstinas que no solamente son para el Aconcagua y los sectores rurales, sino tambi\u00e9n para toda la regi\u00f3n de Valpara\u00edso\u201d.<\/p>\n\n\n\n<p>En esta instancia tambi\u00e9n se dieron a conocer los avances de la comisi\u00f3n respecto al Plan Regulador Intercomunal Sat\u00e9lite Alto Aconcagua, recientemente aprobado por el Consejo Regional.<\/p>\n\n\n\n<p>En este sentido,&nbsp; el <strong>presidente de la Comisi\u00f3n de Medioambiente del Consejo Regional (CORE), consejero regional Eduardo Le\u00f3n<\/strong>, concluy\u00f3 que \u201c Chile es centralista y est\u00e1 bien fraccionado, cada organismo tiene su competencia espec\u00edfica, entonces ac\u00e1 el gran logro que tenemos en esta mesa en el Valle del Aconcagua es tener distintos actores: alcaldesa, alcaldes, concejales, consejeros regionales, parlamentarios , directores de servicio, y empezamos a coordinarnos desde del Valle, desde el territorio, porque hoy d\u00eda la centralizaci\u00f3n de Chile le ha hecho un gran da\u00f1o y descentralizaci\u00f3n es esto, trabajar con la gente y coordinar\u201d.<\/p>\n","protected":false},"excerpt":{"rendered":"<p>En tercera sesi\u00f3n de la Comisi\u00f3n Alto Aconcagua, que cont\u00f3 con participaci\u00f3n de autoridades y organizaciones sociales, se enfatiz\u00f3 la importancia de trabajar en la legislaci\u00f3n sobre el tema. Con el objetivo continuar avanzando en pos de la protecci\u00f3n de la cuenca del Aconcagua, se realiz\u00f3 la tercera sesi\u00f3n de la Comisi\u00f3n Alto Aconcagua, instancia &hellip;<\/p>\n","protected":false},"author":2,"featured_media":4444,"comment_status":"open","ping_status":"open","sticky":false,"template":"","format":"standard","meta":{"spay_email":""},"categories":[7],"tags":[8],"jetpack_featured_media_url":"https:\/\/lavozdesanesteban.cl\/wp-content\/uploads\/2024\/08\/CALLE-LARGA-scaled.jpg","_links":{"self":[{"href":"https:\/\/lavozdesanesteban.cl\/index.php\/wp-json\/wp\/v2\/posts\/4443"}],"collection":[{"href":"https:\/\/lavozdesanesteban.cl\/index.php\/wp-json\/wp\/v2\/posts"}],"about":[{"href":"https:\/\/lavozdesanesteban.cl\/index.php\/wp-json\/wp\/v2\/types\/post"}],"author":[{"embeddable":true,"href":"https:\/\/lavozdesanesteban.cl\/index.php\/wp-json\/wp\/v2\/users\/2"}],"replies":[{"embeddable":true,"href":"https:\/\/lavozdesanesteban.cl\/index.php\/wp-json\/wp\/v2\/comments?post=4443"}],"version-history":[{"count":1,"href":"https:\/\/lavozdesanesteban.cl\/index.php\/wp-json\/wp\/v2\/posts\/4443\/revisions"}],"predecessor-version":[{"id":4445,"href":"https:\/\/lavozdesanesteban.cl\/index.php\/wp-json\/wp\/v2\/posts\/4443\/revisions\/4445"}],"wp:featuredmedia":[{"embeddable":true,"href":"https:\/\/lavozdesanesteban.cl\/index.php\/wp-json\/wp\/v2\/media\/4444"}],"wp:attachment":[{"href":"https:\/\/lavozdesanesteban.cl\/index.php\/wp-json\/wp\/v2\/media?parent=4443"}],"wp:term":[{"taxonomy":"category","embeddable":true,"href":"https:\/\/lavozdesanesteban.cl\/index.php\/wp-json\/wp\/v2\/categories?post=4443"},{"taxonomy":"post_tag","embeddable":true,"href":"https:\/\/lavozdesanesteban.cl\/index.php\/wp-json\/wp\/v2\/tags?post=4443"}],"curies":[{"name":"wp","href":"https:\/\/api.w.org\/{rel}","templated":true}]}}