{"id":4530,"date":"2024-10-30T02:42:52","date_gmt":"2024-10-30T02:42:52","guid":{"rendered":"https:\/\/lavozdesanesteban.cl\/?p=4530"},"modified":"2024-10-30T02:42:54","modified_gmt":"2024-10-30T02:42:54","slug":"gobierno-regional-de-valparaiso-entrego-4-nuevas-ambulancias-de-alta-tecnologia-para-traslados-de-pacientes-del-hospital-gustavo-fricke","status":"publish","type":"post","link":"https:\/\/lavozdesanesteban.cl\/index.php\/2024\/10\/30\/gobierno-regional-de-valparaiso-entrego-4-nuevas-ambulancias-de-alta-tecnologia-para-traslados-de-pacientes-del-hospital-gustavo-fricke\/","title":{"rendered":"Gobierno Regional de Valpara\u00edso entreg\u00f3 4 nuevas ambulancias de alta tecnolog\u00eda para traslados de pacientes del Hospital Gustavo Fricke"},"content":{"rendered":"\n<p><\/p>\n\n\n\n<p>En el marco del compromiso y apoyo permanente a la gesti\u00f3n en salud p\u00fablica, el Gobierno Regional de Valpara\u00edso hizo entrega de cuatro nuevas ambulancias de traslado que ser\u00e1n destinadas al Hospital Gustavo Fricke de Vi\u00f1a del Mar, las cuales fueron adquiridas a trav\u00e9s del Fondo Nacional de Desarrollo Regional (FNDR) por una inversi\u00f3n de 425 millones de pesos.<\/p>\n\n\n\n<p>El Gobernador Regional de Valpara\u00edso, Rodrigo Mundaca, destac\u00f3 la importancia y aporte en materia de salud desde el Gobierno Regional de Valpara\u00edso, indicando que \u201cun tercio del presupuesto del a\u00f1o 2024 ha estado destinado al trabajo en salud; en materia de equipamiento, de m\u00f3viles, catres cl\u00ednicos, de mam\u00f3grafos m\u00f3viles. Creo que el tema de ambulancias ha sido muy importante, hoy d\u00eda el Gobierno Regional ha financiado 23 ambulancias durante el a\u00f1o 2024; 6 ambulancias para el Servicio de Salud Valpara\u00edso-San Antonio, 4 para el Servicio de Salud Aconcagua, y 13 para Servicio de Salud Vi\u00f1a del Mar-Quillota-Petorca. En particular estas cuatro que estamos entregando hoy d\u00eda en el hospital Gustavo Fricke dan cuenta efectivamente de nuestro compromiso con la salud, con las y los trabajadores de la salud\u201d.<\/p>\n\n\n\n<p>Por su parte, la directora del Servicio de Salud Vi\u00f1a del Mar-Quillota-Petorca, Andrea Quiero, relev\u00f3 el trabajo que la entidad ha realizado junto al Gobierno Regional que no solo ha entregado mejoramiento en equipamiento e infraestructura, sino tambi\u00e9n est\u00e1n \u201cad portas hoy d\u00eda de operativizar un aporte de aproximadamente 3 mil millones de pesos que el Gobierno Regional est\u00e1 haciendo a la red asistencial de nuestros tres servicios, de los cuales nos hacemos cargo para poder gerenciar estos 3 mil millones y que nos permitan tambi\u00e9n disminuir la lista de espera. Esto ha sido posible, porque existe efectivamente autoridades que est\u00e1n preocupadas de la salud de las personas y que han dado un paso m\u00e1s, se han preocupado de aquello acompa\u00f1ando a los tres servicios de salud en la soluci\u00f3n de los problemas\u201d.<\/p>\n\n\n\n<figure class=\"wp-block-gallery columns-1 is-cropped\"><ul class=\"blocks-gallery-grid\"><li class=\"blocks-gallery-item\"><figure><img loading=\"lazy\" width=\"1024\" height=\"684\" src=\"https:\/\/lavozdesanesteban.cl\/wp-content\/uploads\/2024\/10\/IMG_3401-1024x684.jpg\" alt=\"\" data-id=\"4532\" data-full-url=\"https:\/\/lavozdesanesteban.cl\/wp-content\/uploads\/2024\/10\/IMG_3401-scaled.jpg\" data-link=\"https:\/\/lavozdesanesteban.cl\/?attachment_id=4532\" class=\"wp-image-4532\" srcset=\"https:\/\/lavozdesanesteban.cl\/wp-content\/uploads\/2024\/10\/IMG_3401-1024x684.jpg 1024w, https:\/\/lavozdesanesteban.cl\/wp-content\/uploads\/2024\/10\/IMG_3401-300x200.jpg 300w, https:\/\/lavozdesanesteban.cl\/wp-content\/uploads\/2024\/10\/IMG_3401-768x513.jpg 768w, https:\/\/lavozdesanesteban.cl\/wp-content\/uploads\/2024\/10\/IMG_3401-1536x1026.jpg 1536w, https:\/\/lavozdesanesteban.cl\/wp-content\/uploads\/2024\/10\/IMG_3401-2048x1368.jpg 2048w\" sizes=\"(max-width: 1024px) 100vw, 1024px\" \/><\/figure><\/li><\/ul><\/figure>\n\n\n\n<p>En cuanto a las nuevas ambulancias, est\u00e1n adaptadas para traslados b\u00e1sicos, pacientes con discapacidad funcional, postrados o con movilidad reducida; adem\u00e1s de realizar traslados de alta complejidad desde la Unidad de Emergencia a los hogares o para procedimientos m\u00e9dicos.<\/p>\n\n\n\n<p>El director del Hospital Gustavo Fricke, Juan Carlos Gac se\u00f1al\u00f3 que \u201cestamos muy contentos como establecimiento, esto nos ha permitido renovar el parque completo que lo ten\u00edamos en regular y malas condiciones hace mucho tiempo; lo segundo es que le damos seguridad a todos nuestros trabajadores; lo tercero, pacientes se pueden sentir confiados en los traslados, con estas 4 ambulancias, nosotros podemos hacer traslados dentro y fuera de la regi\u00f3n\u201d.<\/p>\n\n\n\n<p>En cuanto a las caracter\u00edstica de estos veh\u00edculos de emergencia, marca Mercedes Benz\/Modelo Sprinter 417\/ Versi\u00f3n 10.5 m3 Euro Vi con transmisi\u00f3n 4&#215;2, cumplen con requisitos de transformaci\u00f3n y equipamiento que incluyen tres camillas; dos de las cuales cuentan con una capacidad m\u00e1xima de carga de 250 kgs. y una bari\u00e1trica con capacidad de peso m\u00e1xima de 318 kgs. Tambi\u00e9n se incluyen 3 elevadores marca Focca Mobility, con capacidad de carga de 400 kgs; as\u00ed como bomba de aspiraci\u00f3n, desfibrilador marca DEA, Radio VHF\/UHF y kit de c\u00e1mara de video.<\/p>\n\n\n\n<p>Por su parte el presidente de la comisi\u00f3n de salud del Consejo Regional, consejero Roy Crichton, indic\u00f3 \u201cme siento muy orgulloso de la labor que hemos hecho estos 4 a\u00f1os, m\u00e1s de un 30% de presupuesto del Gobierno Regional ha sido a la salud p\u00fablica y con esto hemos colaborado a la dignificaci\u00f3n tanto de los pacientes como de los trabajadores\u201d.&nbsp;<\/p>\n","protected":false},"excerpt":{"rendered":"<p>En el marco del compromiso y apoyo permanente a la gesti\u00f3n en salud p\u00fablica, el Gobierno Regional de Valpara\u00edso hizo entrega de cuatro nuevas ambulancias de traslado que ser\u00e1n destinadas al Hospital Gustavo Fricke de Vi\u00f1a del Mar, las cuales fueron adquiridas a trav\u00e9s del Fondo Nacional de Desarrollo Regional (FNDR) por una inversi\u00f3n de &hellip;<\/p>\n","protected":false},"author":2,"featured_media":4531,"comment_status":"open","ping_status":"open","sticky":false,"template":"","format":"standard","meta":{"spay_email":""},"categories":[3],"tags":[8],"jetpack_featured_media_url":"https:\/\/lavozdesanesteban.cl\/wp-content\/uploads\/2024\/10\/IMG_3391-scaled.jpg","_links":{"self":[{"href":"https:\/\/lavozdesanesteban.cl\/index.php\/wp-json\/wp\/v2\/posts\/4530"}],"collection":[{"href":"https:\/\/lavozdesanesteban.cl\/index.php\/wp-json\/wp\/v2\/posts"}],"about":[{"href":"https:\/\/lavozdesanesteban.cl\/index.php\/wp-json\/wp\/v2\/types\/post"}],"author":[{"embeddable":true,"href":"https:\/\/lavozdesanesteban.cl\/index.php\/wp-json\/wp\/v2\/users\/2"}],"replies":[{"embeddable":true,"href":"https:\/\/lavozdesanesteban.cl\/index.php\/wp-json\/wp\/v2\/comments?post=4530"}],"version-history":[{"count":1,"href":"https:\/\/lavozdesanesteban.cl\/index.php\/wp-json\/wp\/v2\/posts\/4530\/revisions"}],"predecessor-version":[{"id":4533,"href":"https:\/\/lavozdesanesteban.cl\/index.php\/wp-json\/wp\/v2\/posts\/4530\/revisions\/4533"}],"wp:featuredmedia":[{"embeddable":true,"href":"https:\/\/lavozdesanesteban.cl\/index.php\/wp-json\/wp\/v2\/media\/4531"}],"wp:attachment":[{"href":"https:\/\/lavozdesanesteban.cl\/index.php\/wp-json\/wp\/v2\/media?parent=4530"}],"wp:term":[{"taxonomy":"category","embeddable":true,"href":"https:\/\/lavozdesanesteban.cl\/index.php\/wp-json\/wp\/v2\/categories?post=4530"},{"taxonomy":"post_tag","embeddable":true,"href":"https:\/\/lavozdesanesteban.cl\/index.php\/wp-json\/wp\/v2\/tags?post=4530"}],"curies":[{"name":"wp","href":"https:\/\/api.w.org\/{rel}","templated":true}]}}