{"id":4534,"date":"2024-10-30T02:46:41","date_gmt":"2024-10-30T02:46:41","guid":{"rendered":"https:\/\/lavozdesanesteban.cl\/?p=4534"},"modified":"2024-10-30T02:46:43","modified_gmt":"2024-10-30T02:46:43","slug":"fortaleciendo-el-capital-humano-exitosa-ceremonia-de-cierre-en-programa-de-capacitacion-energetica","status":"publish","type":"post","link":"https:\/\/lavozdesanesteban.cl\/index.php\/2024\/10\/30\/fortaleciendo-el-capital-humano-exitosa-ceremonia-de-cierre-en-programa-de-capacitacion-energetica\/","title":{"rendered":"Fortaleciendo el Capital Humano: exitosa ceremonia de cierre en programa de Capacitaci\u00f3n Energ\u00e9tica"},"content":{"rendered":"\n<p><\/p>\n\n\n\n<p><strong>Iniciativa que certific\u00f3 a m\u00e1s de 150 personas como instalador\/a el\u00e9ctrico\/a Clase D SEC y Especialista en Diagn\u00f3stico y Mantenimiento de Veh\u00edculos El\u00e9ctricos, fue desarrollada por el Ministerio de Energ\u00eda, la Agencia de Sostenibilidad Energ\u00e9tica y el Centro de Formaci\u00f3n T\u00e9cnica Estatal de la Regi\u00f3n de Valpara\u00edso.<\/strong><\/p>\n\n\n\n<p><strong>Vi\u00f1a del Mar, 25 octubre de 2024.<\/strong><\/p>\n\n\n\n<p>El jueves 24 de octubre, en el sal\u00f3n Independencia del Hotel O\u2019Higgins, se llev\u00f3 a cabo la <strong>ceremonia de cierre del Desarrollo de Capacitaci\u00f3n en Energ\u00eda en Modalidad B-Learning para la Regi\u00f3n de Valpara\u00edso<\/strong>, que incluy\u00f3 cursos de Instaladora El\u00e9ctrica Clase D, Fortalecimiento de Aprendizajes: Instalador\/a El\u00e9ctrico\/a Clase D, y Especialista en Diagn\u00f3stico y Mantenimiento de Veh\u00edculos El\u00e9ctricos. Esta iniciativa fue realizada por el Ministerio de Energ\u00eda, la Agencia de Sostenibilidad Energ\u00e9tica y el Centro de Formaci\u00f3n T\u00e9cnica Estatal de la Regi\u00f3n de Valpara\u00edso, respondiendo al tercer prop\u00f3sito de la Pol\u00edtica Energ\u00e9tica Nacional la cual plantea la necesidad de una \u201cNueva identidad productiva para Chile\u201d.<\/p>\n\n\n\n<p>La ceremonia cont\u00f3 con la presencia de autoridades regionales, entre ellas la seremi de Energ\u00eda, Arife Mansur; el seremi de Educaci\u00f3n, Juan Pablo \u00c1lvarez; el seremi de Trabajo y Previsi\u00f3n Social, Miguel Toledo; el rector del Centro de Formaci\u00f3n T\u00e9cnica Estatal de la Regi\u00f3n de Valpara\u00edso, Rodrigo Jarufe; y la coordinadora de Capital Humano de la Agencia de Sostenibilidad Energ\u00e9tica &nbsp;(AgenciaSE), Ester Espinoza, as\u00ed como estudiantes y familiares.<\/p>\n\n\n\n<p>La seremi Arife Mansur destac\u00f3: \u201c<strong>Hoy estamos muy contentos porque finalizamos con \u00e9xito este importante programa de competencias laborales. Buscamos incentivar la participaci\u00f3n de capital humano en el sector energ\u00e9tico. Con m\u00e1s de 150 alumnos certificados, es un gran logro para la regi\u00f3n de Valpara\u00edso<\/strong>\u201d.<\/p>\n\n\n\n<p>Durante la ceremonia, se certific\u00f3 a 153 estudiantes que participaron en estos cursos, los cuales se impartieron en modalidad B-learning, combinando clases online y presenciales. Esta metodolog\u00eda garantiz\u00f3 un aprendizaje significativo y aplicable, utilizando t\u00e9cnicas activas como estudios de casos y simulaciones.<\/p>\n\n\n\n<p>Por su parte, el rector Rodrigo Jarufe expres\u00f3 su alegr\u00eda por la confianza depositada en el CFT Estatal: \u201c<strong>Bueno, para nosotros una alegr\u00eda tremenda. Primero, la confianza que haya tenido la Agencia de la Sostenibilidad y el Ministerio de Energ\u00eda en nosotros en poder darnos la oportunidad de ejecutar este proyecto. Seis mujeres se han matriculado con nosotros, abriendo la opci\u00f3n de mirar la educaci\u00f3n t\u00e9cnica superior como una alternativa. Estamos felices por este logro<\/strong>\u201d.<\/p>\n\n\n\n<p>El curso Instaladora El\u00e9ctrica Clase D SEC, que busc\u00f3 empoderar a las mujeres en un sector tradicionalmente masculinizado, tuvo 22 egresadas, incluyendo a siete representantes de agrupaciones ind\u00edgenas. Miriam Mesa, una de las estudiantes, comparti\u00f3 su experiencia: \u201c<strong>Bueno, mi experiencia fue magn\u00edfica. Primero, nos encontramos un grupo de mujeres y no ten\u00edamos idea de lo que eran los cables, lo que eran los circuitos. Llegamos a retomar cuadernos despu\u00e9s de muchos a\u00f1os, y para nosotros fue una experiencia de mucho miedo, quiz\u00e1s. Primero fueron frustraciones porque pensamos que no lo \u00edbamos a lograr y finalmente todo se desarroll\u00f3 gracias al apoyo de los profesores que constantemente nos iban diciendo c\u00f3mo hacer, c\u00f3mo entrar a las plataformas y avanzar en nuestras tareas, en nuestros trabajos, hasta realizar planos. O sea, llegar a eso para nosotros era un sue\u00f1o que pudimos lograr<\/strong>\u201d.<\/p>\n\n\n\n<p>El seremi de Trabajo, Miguel Toledo, enfatiz\u00f3 la importancia de la certificaci\u00f3n: \u00ab<strong>Hoy celebramos dos temas muy importantes. Primero, la certificaci\u00f3n Clase D, que se enfoca principalmente en mujeres, permiti\u00e9ndoles entregar informes T1 y ser certificadas por la SEC. Esto representa un avance significativo en la inclusi\u00f3n de mujeres en el sector energ\u00e9tico. En segundo lugar, la electromovilidad est\u00e1 ganando impulso con los veh\u00edculos el\u00e9ctricos. El gobierno de Chile, a trav\u00e9s del Ministerio de Energ\u00eda, est\u00e1 invirtiendo para certificar a m\u00e1s de 150 personas en estos cursos, lo que mejora sus condiciones de empleabilidad. Felicito a todos los involucrados en este esfuerzo colectivo, que es clave para el desarrollo del capital humano en nuestra regi\u00f3n.<\/strong>\u00ab<\/p>\n\n\n\n<p>En cuanto al curso Fortalecimiento de Aprendizajes: Instalador\/a El\u00e9ctrico\/a Clase D tuvo 66 egresados, de los cuales tres fueron mujeres, mientras que el curso Especialista en Diagn\u00f3stico y Mantenimiento de Veh\u00edculos El\u00e9ctricos cont\u00f3 con 65 egresados, cinco de ellos mujeres.<\/p>\n\n\n\n<p>Tanto el Ministerio de Energ\u00eda como la AgenciaSE, continuaran su trabajo de seguir formando m\u00e1s capital humano orientado al sector energ\u00e9tico, priorizando a pueblos ind\u00edgenas, mujeres y trabajadores afectados por el cierre de unidades generadoras a carb\u00f3n, entregando herramientas para que las personas puedan comenzar a involucrarse en los nuevos desaf\u00edos que impondr\u00e1 el sector tanto en la regi\u00f3n de Valpara\u00edso como en el pa\u00eds, contribuyendo as\u00ed a la transici\u00f3n energ\u00e9tica.<\/p>\n\n\n\n<p>Ester Espinoza, de la AgenciaSE, coment\u00f3 que: \u201c<strong>Como AgenciaSE, estamos felices y honrados de poder ser parte de la implementaci\u00f3n de proyectos que cambian la vida de las personas. Sumar m\u00e1s capital humano, capacitado y certificado para responder a los desaf\u00edos t\u00e9cnicos que impone la transici\u00f3n energ\u00e9tica en la regi\u00f3n de Valpara\u00edso, es un aporte real, que cobra sentido en la mejora de la calidad de todas las nuevas mujeres que se suman al sector energ\u00eda, como tambi\u00e9n de aquellos\/as t\u00e9cnicos\/as que hoy fortalecen y mejoran sus competencias para aportar en el desarrollo de sus propios territorios\u201d<\/strong>.<\/p>\n\n\n\n<p>Finalmente, &nbsp;el seremi de educaci\u00f3n Juan Pablo \u00c1lvarez dijo: \u201c<strong>Desde la perspectiva de la educaci\u00f3n, cuando hablamos del resguardo de trayectorias educativas tambi\u00e9n nos referimos a c\u00f3mo, a lo largo de la vida, se generan distintas instancias y oportunidades de aprendizaje, de formaci\u00f3n y de capacitaci\u00f3n que se vinculan con la vida cotidiana, y por ende, con la vida laboral. Esta ceremonia es una muestra de c\u00f3mo el trabajo articulado interinstitucional entre el Ministerio de Energ\u00eda y la Agencia de Sostenibilidad Energ\u00e9tica, con el apoyo del Centro de Formaci\u00f3n T\u00e9cnica Estatal de la regi\u00f3n de Valpara\u00edso, permite generar esas oportunidades, las cuales sin duda impactan en la vida de las personas y adem\u00e1s se vinculan con las necesidades y el desarrollo social y productivo del territorio\u201d.<\/strong><\/p>\n","protected":false},"excerpt":{"rendered":"<p>Iniciativa que certific\u00f3 a m\u00e1s de 150 personas como instalador\/a el\u00e9ctrico\/a Clase D SEC y Especialista en Diagn\u00f3stico y Mantenimiento de Veh\u00edculos El\u00e9ctricos, fue desarrollada por el Ministerio de Energ\u00eda, la Agencia de Sostenibilidad Energ\u00e9tica y el Centro de Formaci\u00f3n T\u00e9cnica Estatal de la Regi\u00f3n de Valpara\u00edso. Vi\u00f1a del Mar, 25 octubre de 2024. El &hellip;<\/p>\n","protected":false},"author":2,"featured_media":4535,"comment_status":"open","ping_status":"open","sticky":false,"template":"","format":"standard","meta":{"spay_email":""},"categories":[3],"tags":[8],"jetpack_featured_media_url":"https:\/\/lavozdesanesteban.cl\/wp-content\/uploads\/2024\/10\/ceremonia-egreso-46-scaled.jpg","_links":{"self":[{"href":"https:\/\/lavozdesanesteban.cl\/index.php\/wp-json\/wp\/v2\/posts\/4534"}],"collection":[{"href":"https:\/\/lavozdesanesteban.cl\/index.php\/wp-json\/wp\/v2\/posts"}],"about":[{"href":"https:\/\/lavozdesanesteban.cl\/index.php\/wp-json\/wp\/v2\/types\/post"}],"author":[{"embeddable":true,"href":"https:\/\/lavozdesanesteban.cl\/index.php\/wp-json\/wp\/v2\/users\/2"}],"replies":[{"embeddable":true,"href":"https:\/\/lavozdesanesteban.cl\/index.php\/wp-json\/wp\/v2\/comments?post=4534"}],"version-history":[{"count":1,"href":"https:\/\/lavozdesanesteban.cl\/index.php\/wp-json\/wp\/v2\/posts\/4534\/revisions"}],"predecessor-version":[{"id":4536,"href":"https:\/\/lavozdesanesteban.cl\/index.php\/wp-json\/wp\/v2\/posts\/4534\/revisions\/4536"}],"wp:featuredmedia":[{"embeddable":true,"href":"https:\/\/lavozdesanesteban.cl\/index.php\/wp-json\/wp\/v2\/media\/4535"}],"wp:attachment":[{"href":"https:\/\/lavozdesanesteban.cl\/index.php\/wp-json\/wp\/v2\/media?parent=4534"}],"wp:term":[{"taxonomy":"category","embeddable":true,"href":"https:\/\/lavozdesanesteban.cl\/index.php\/wp-json\/wp\/v2\/categories?post=4534"},{"taxonomy":"post_tag","embeddable":true,"href":"https:\/\/lavozdesanesteban.cl\/index.php\/wp-json\/wp\/v2\/tags?post=4534"}],"curies":[{"name":"wp","href":"https:\/\/api.w.org\/{rel}","templated":true}]}}