{"id":4537,"date":"2024-10-30T02:51:27","date_gmt":"2024-10-30T02:51:27","guid":{"rendered":"https:\/\/lavozdesanesteban.cl\/?p=4537"},"modified":"2024-10-30T02:51:28","modified_gmt":"2024-10-30T02:51:28","slug":"municipio-de-san-esteban-concreto-anhelado-sueno-de-los-vecinos-pavimentando-varios-sectores-de-la-comuna","status":"publish","type":"post","link":"https:\/\/lavozdesanesteban.cl\/index.php\/2024\/10\/30\/municipio-de-san-esteban-concreto-anhelado-sueno-de-los-vecinos-pavimentando-varios-sectores-de-la-comuna\/","title":{"rendered":"Municipio de San Esteban concret\u00f3 anhelado sue\u00f1o de los vecinos, pavimentando varios sectores de la comuna"},"content":{"rendered":"\n<p><\/p>\n\n\n\n<ul><li>Con recursos propios, la instituci\u00f3n logr\u00f3 intervenir casi 6 kil\u00f3metros entre los callejones Los Jimenez, Lo Galdames y el Villorrio, que durante d\u00e9cadas solicitaban una soluci\u00f3n al problema del barro y el polvo en suspensi\u00f3n.<\/li><\/ul>\n\n\n\n<p>Con gran satisfacci\u00f3n, el alcalde (s) Fernando Mar\u00edn inform\u00f3 sobre la finalizaci\u00f3n de los trabajos de pavimentaci\u00f3n de tres sectores de la comuna, cumpliendo as\u00ed con un anhelo de las vecinas y vecinos, quienes durante d\u00e9cadas esperaron para responder al problema del barro y el polvo en suspensi\u00f3n.<\/p>\n\n\n\n<p>Gracias a una inversi\u00f3n de recursos municipales, que bordearon los 200 millones de pesos, se gest\u00f3 esta iniciativa que dio una soluci\u00f3n definitiva a los callejones Los Jim\u00e9nez, Lo Galdames en La Bandurrias y el Villorrio.<\/p>\n\n\n\n<p>En concreto, la obra consider\u00f3 la pavimentaci\u00f3n de casi 6 kil\u00f3metros cuadrados, lo que significar\u00e1 una mejora sustancial en la calidad de vida de vecinas y vecinos.<\/p>\n\n\n\n<p>\u201cEs una excelente noticia para la comunidad de San Esteban, porque estamos dando soluci\u00f3n a una solicitud de d\u00e9cadas de los vecinos, quienes sufr\u00edan con el barro en invierno o el polvo en suspensi\u00f3n en verano. Para nosotros, como municipio, es fundamental resolver estos requerimientos\u201d, afirm\u00f3 Fernando Mar\u00edn, alcalde (s) de San Esteban.<\/p>\n\n\n\n<p>En esa misma l\u00ednea, la autoridad sostuvo que \u201cson recursos municipales que se utilizan en dar respuesta a estas necesidades. Hablamos de sectores que durante d\u00e9cadas solicitaban estos proyectos, como el Villorrio y ambos callejones\u201d, continu\u00f3.<\/p>\n\n\n\n<p>Por su parte, los vecinos tambi\u00e9n manifestaron su alegr\u00eda por la concreci\u00f3n de estas iniciativas, ya que \u201cnos ayudar\u00e1 a pasar mejor el verano y el invierno. Ahora podremos transitar de mejor manera por ac\u00e1. Es un gran avance para nuestras comunidades\u201d, finaliz\u00f3 una residente de El Villorrio.<\/p>\n\n\n\n<p>Ahora, los trabajos se enfocar\u00e1n en pavimentar calle Las Parras, entre Severo Vargas y Calle Rio Aconcagua, entre otras labores que mejorar\u00e1n las v\u00edas de la comuna. &nbsp;<\/p>\n","protected":false},"excerpt":{"rendered":"<p>Con recursos propios, la instituci\u00f3n logr\u00f3 intervenir casi 6 kil\u00f3metros entre los callejones Los Jimenez, Lo Galdames y el Villorrio, que durante d\u00e9cadas solicitaban una soluci\u00f3n al problema del barro y el polvo en suspensi\u00f3n. Con gran satisfacci\u00f3n, el alcalde (s) Fernando Mar\u00edn inform\u00f3 sobre la finalizaci\u00f3n de los trabajos de pavimentaci\u00f3n de tres sectores &hellip;<\/p>\n","protected":false},"author":2,"featured_media":4538,"comment_status":"open","ping_status":"open","sticky":false,"template":"","format":"standard","meta":{"spay_email":""},"categories":[2],"tags":[8],"jetpack_featured_media_url":"https:\/\/lavozdesanesteban.cl\/wp-content\/uploads\/2024\/10\/pavimentacion-callejones-1.jpg","_links":{"self":[{"href":"https:\/\/lavozdesanesteban.cl\/index.php\/wp-json\/wp\/v2\/posts\/4537"}],"collection":[{"href":"https:\/\/lavozdesanesteban.cl\/index.php\/wp-json\/wp\/v2\/posts"}],"about":[{"href":"https:\/\/lavozdesanesteban.cl\/index.php\/wp-json\/wp\/v2\/types\/post"}],"author":[{"embeddable":true,"href":"https:\/\/lavozdesanesteban.cl\/index.php\/wp-json\/wp\/v2\/users\/2"}],"replies":[{"embeddable":true,"href":"https:\/\/lavozdesanesteban.cl\/index.php\/wp-json\/wp\/v2\/comments?post=4537"}],"version-history":[{"count":1,"href":"https:\/\/lavozdesanesteban.cl\/index.php\/wp-json\/wp\/v2\/posts\/4537\/revisions"}],"predecessor-version":[{"id":4539,"href":"https:\/\/lavozdesanesteban.cl\/index.php\/wp-json\/wp\/v2\/posts\/4537\/revisions\/4539"}],"wp:featuredmedia":[{"embeddable":true,"href":"https:\/\/lavozdesanesteban.cl\/index.php\/wp-json\/wp\/v2\/media\/4538"}],"wp:attachment":[{"href":"https:\/\/lavozdesanesteban.cl\/index.php\/wp-json\/wp\/v2\/media?parent=4537"}],"wp:term":[{"taxonomy":"category","embeddable":true,"href":"https:\/\/lavozdesanesteban.cl\/index.php\/wp-json\/wp\/v2\/categories?post=4537"},{"taxonomy":"post_tag","embeddable":true,"href":"https:\/\/lavozdesanesteban.cl\/index.php\/wp-json\/wp\/v2\/tags?post=4537"}],"curies":[{"name":"wp","href":"https:\/\/api.w.org\/{rel}","templated":true}]}}