{"id":4541,"date":"2024-11-27T02:38:45","date_gmt":"2024-11-27T02:38:45","guid":{"rendered":"https:\/\/lavozdesanesteban.cl\/?p=4541"},"modified":"2024-11-27T02:38:47","modified_gmt":"2024-11-27T02:38:47","slug":"municipio-presenta-querella-por-delito-de-maltrato-animal-contra-dueno-de-local-comercial","status":"publish","type":"post","link":"https:\/\/lavozdesanesteban.cl\/index.php\/2024\/11\/27\/municipio-presenta-querella-por-delito-de-maltrato-animal-contra-dueno-de-local-comercial\/","title":{"rendered":"Municipio presenta querella por delito de maltrato animal contra due\u00f1o de local comercial"},"content":{"rendered":"\n<p><\/p>\n\n\n\n<p><em>Impactada por el caso de evidente crueldad animal, la alcaldesa Carmen Castillo fue enf\u00e1tica en manifestar que se tomar\u00e1n todas las acciones legales contra quienes atenten los derechos de los animales.<\/em><\/p>\n\n\n\n<p>Consternaci\u00f3n ha provocado en la opini\u00f3n p\u00fablica el caso conocido en horas de la tarde del jueves 21 de noviembre, en el que un perro perdi\u00f3 la vida tras resultar calcinado luego de un incendio que alcanz\u00f3 la jaula en la que se encontraba encerrado, hecho ocurrido al interior de un local comercial chino recientemente inaugurado en Avenida Maip\u00fa.<\/p>\n\n\n\n<p>Alertados de la situaci\u00f3n por la Veterinaria Municipal, inspectores municipales de la Direcci\u00f3n de Seguridad P\u00fablica en conjunto con Carabineros de la 2da Comisar\u00eda de San Felipe, concurrieron al local comercial donde constataron la existencia del cuerpo calcinado del animal al interior de una jaula, la que fue alcanzada por la propagaci\u00f3n de un incendio del cual se est\u00e1 investigando su origen. En el lugar, Carabineros identific\u00f3 al due\u00f1o del local quien inmediatamente fue detenido por el delito de maltrato animal en flagrancia.<\/p>\n\n\n\n<p>Impactada por el caso de evidente crueldad animal, la alcaldesa Carmen Castillo fue enf\u00e1tica en manifestar que se tomar\u00e1n todas las acciones legales contra quienes atenten los derechos de los animales, <strong>\u201ces una noticia grave porque hay un maltrato animal, algo que no se acepta y que no vamos a dejar pasar\u201d<\/strong>, se\u00f1al\u00f3 en las afueras del Juzgado de Garant\u00eda<a><\/a> de San Felipe luego de interponer una querella criminal por maltrato animal con resultado de muerte.<\/p>\n\n\n\n<p>En cuanto a la acci\u00f3n legal, el director jur\u00eddico de la municipalidad, Mario Fuentes, explic\u00f3 que la querella est\u00e1 dirigida contra el propietario del local comercial debido a que el hecho ocurri\u00f3 al interior del recinto, donde personal de la secci\u00f3n OS14 constat\u00f3 la flagrancia del delito.<\/p>\n\n\n\n<p><strong>\u201cTengo entendido que horas despu\u00e9s de su detenci\u00f3n, el due\u00f1o del local qued\u00f3 en libertad apercibido para designar domicilio en un radio urbano y sujeto a la investigaci\u00f3n correspondiente\u201d<\/strong>, indic\u00f3 el abogado, haciendo hincapi\u00e9 en que <strong>\u201cla alcaldesa ha sido muy clara; no vamos a permitir que se cometan este tipo de atrocidades y nos ha encargado que en el menor plazo posible presentemos esta querella criminal\u201d.<\/strong><\/p>\n\n\n\n<p>Sobre las consecuencias y las posibles penas que pueda enfrentar el responsable, Fuentes indic\u00f3 que <strong>\u201cel delito de maltrato animal con resultado de muerte tiene una pena que va desde el presidio m\u00ednimo de 61 d\u00edas, hasta el presidio medio en su grado m\u00e1ximo que alcanza los 3 a\u00f1os de c\u00e1rcel\u201d<\/strong>, condena que se ajustar\u00eda al contexto de lo ocurrido en este hecho, puntualiz\u00f3.<\/p>\n\n\n\n<p>Respecto a posibles sanciones al local como el eventual cierre y cancelaci\u00f3n de su patente comercial, el director jur\u00eddico aclar\u00f3 que <strong>\u201chemos estado evaluando y lamentablemente la regulaci\u00f3n legal en materia de patentes nos deja muy amarrados, es muy estricta, y no existe una causal relacionada con la comisi\u00f3n de delito para cancelar una patente, no obstante, hemos tomado contacto con el departamento jur\u00eddico de la Delegaci\u00f3n Presidencial Provincial para buscar apoyo y realizar un trabajo conjunto para ver las opciones de llegar a ese resultado\u201d<\/strong>, concluy\u00f3.<\/p>\n","protected":false},"excerpt":{"rendered":"<p>Impactada por el caso de evidente crueldad animal, la alcaldesa Carmen Castillo fue enf\u00e1tica en manifestar que se tomar\u00e1n todas las acciones legales contra quienes atenten los derechos de los animales. Consternaci\u00f3n ha provocado en la opini\u00f3n p\u00fablica el caso conocido en horas de la tarde del jueves 21 de noviembre, en el que un &hellip;<\/p>\n","protected":false},"author":2,"featured_media":4542,"comment_status":"open","ping_status":"open","sticky":false,"template":"","format":"standard","meta":{"spay_email":""},"categories":[7],"tags":[8],"jetpack_featured_media_url":"https:\/\/lavozdesanesteban.cl\/wp-content\/uploads\/2024\/11\/querella.jpg","_links":{"self":[{"href":"https:\/\/lavozdesanesteban.cl\/index.php\/wp-json\/wp\/v2\/posts\/4541"}],"collection":[{"href":"https:\/\/lavozdesanesteban.cl\/index.php\/wp-json\/wp\/v2\/posts"}],"about":[{"href":"https:\/\/lavozdesanesteban.cl\/index.php\/wp-json\/wp\/v2\/types\/post"}],"author":[{"embeddable":true,"href":"https:\/\/lavozdesanesteban.cl\/index.php\/wp-json\/wp\/v2\/users\/2"}],"replies":[{"embeddable":true,"href":"https:\/\/lavozdesanesteban.cl\/index.php\/wp-json\/wp\/v2\/comments?post=4541"}],"version-history":[{"count":1,"href":"https:\/\/lavozdesanesteban.cl\/index.php\/wp-json\/wp\/v2\/posts\/4541\/revisions"}],"predecessor-version":[{"id":4543,"href":"https:\/\/lavozdesanesteban.cl\/index.php\/wp-json\/wp\/v2\/posts\/4541\/revisions\/4543"}],"wp:featuredmedia":[{"embeddable":true,"href":"https:\/\/lavozdesanesteban.cl\/index.php\/wp-json\/wp\/v2\/media\/4542"}],"wp:attachment":[{"href":"https:\/\/lavozdesanesteban.cl\/index.php\/wp-json\/wp\/v2\/media?parent=4541"}],"wp:term":[{"taxonomy":"category","embeddable":true,"href":"https:\/\/lavozdesanesteban.cl\/index.php\/wp-json\/wp\/v2\/categories?post=4541"},{"taxonomy":"post_tag","embeddable":true,"href":"https:\/\/lavozdesanesteban.cl\/index.php\/wp-json\/wp\/v2\/tags?post=4541"}],"curies":[{"name":"wp","href":"https:\/\/api.w.org\/{rel}","templated":true}]}}