{"id":4544,"date":"2024-11-27T02:41:49","date_gmt":"2024-11-27T02:41:49","guid":{"rendered":"https:\/\/lavozdesanesteban.cl\/?p=4544"},"modified":"2024-11-27T02:41:50","modified_gmt":"2024-11-27T02:41:50","slug":"masivo-recibimiento-de-equipo-de-robotica-perceptron-de-calle-larga-tras-triunfar-en-torneo-internacional-realizado-en-ecuador","status":"publish","type":"post","link":"https:\/\/lavozdesanesteban.cl\/index.php\/2024\/11\/27\/masivo-recibimiento-de-equipo-de-robotica-perceptron-de-calle-larga-tras-triunfar-en-torneo-internacional-realizado-en-ecuador\/","title":{"rendered":"Masivo recibimiento de Equipo de Rob\u00f3tica Perceptr\u00f3n de Calle Larga tras triunfar en Torneo Internacional realizado en  Ecuador."},"content":{"rendered":"\n<p><\/p>\n\n\n\n<p>El equipo de Rob\u00f3tica <strong>Perceptr\u00f3n<\/strong>, de la comuna de Calle Larga, regres\u00f3 al pa\u00eds tras obtener un <strong>hist\u00f3rico primer lugar<\/strong> en la categor\u00eda <strong>RoboOne Light<\/strong> del <strong>Torneo Internacional Robo One Ecuador<\/strong>. Esta destacada actuaci\u00f3n les permiti\u00f3 asegurar su participaci\u00f3n en la competencia mundial en <strong>Jap\u00f3n<\/strong>, posicionando a la comuna en el mapa internacional de la rob\u00f3tica.<\/p>\n\n\n\n<p>El recibimiento tuvo lugar la madrugada del domingo en el Aeropuerto Arturo Merino Ben\u00edtez, donde el equipo fue recibido por la alcaldesa <strong>Dina Gonz\u00e1lez Alfaro<\/strong>, parte del equipo Perceptr\u00f3n, as\u00ed como padres y madres que no ocultaron su orgullo por este logro.<strong><\/strong><\/p>\n\n\n\n<p><strong>Dina Gonz\u00e1lez Alfaro<\/strong>, alcaldesa de Calle Larga, expres\u00f3 su emoci\u00f3n y orgullo, se\u00f1alando que \u201c<em>Estamos muy felices, muy emocionados porque esto demuestra que nuestra comuna est\u00e1 a la vanguardia. Lo que sucede en Calle Larga son cosas grandiosas que no se ven en cualquier lugar de Chile. Que un equipo como Perceptr\u00f3n, liderado por Vladimir, viaje por el mundo y gane es algo incre\u00edble. Esto pone a Calle Larga en la cima, gracias al esfuerzo y los conocimientos de quienes forman parte de este proyecto. Una vez m\u00e1s confirmamos que somos una comuna pujante, que cree en el futuro y avanza cada d\u00eda para ser mejor.\u00bb<\/em><\/p>\n\n\n\n<p>Por su parte, <strong>Vladimir Guajardo<\/strong>, coach del equipo Perceptr\u00f3n, destac\u00f3 el esfuerzo y compromiso de los estudiantes declarando que \u201c<em>Fue una experiencia incre\u00edble junto a los estudiantes de la Academia de Rob\u00f3tica de Calle Larga. Todo lo que vivimos, aprendimos y logramos en este torneo refleja el trabajo que realizamos d\u00eda a d\u00eda. Esto no ser\u00eda posible sin el apoyo de la alcaldesa, quien ha permitido que esta academia exista y que estudiantes no solo de Calle Larga, sino de todo el valle, puedan adquirir habilidades del siglo XXI como la programaci\u00f3n y la rob\u00f3tica.\u00bb<\/em><\/p>\n\n\n\n<p>El equipo Perceptr\u00f3n se prepara ahora para enfrentar el desaf\u00edo de representar a Chile en Jap\u00f3n, reafirmando que Calle Larga es un semillero de talento y desarrollo tecnol\u00f3gico.<\/p>\n","protected":false},"excerpt":{"rendered":"<p>El equipo de Rob\u00f3tica Perceptr\u00f3n, de la comuna de Calle Larga, regres\u00f3 al pa\u00eds tras obtener un hist\u00f3rico primer lugar en la categor\u00eda RoboOne Light del Torneo Internacional Robo One Ecuador. Esta destacada actuaci\u00f3n les permiti\u00f3 asegurar su participaci\u00f3n en la competencia mundial en Jap\u00f3n, posicionando a la comuna en el mapa internacional de la &hellip;<\/p>\n","protected":false},"author":2,"featured_media":4545,"comment_status":"open","ping_status":"open","sticky":false,"template":"","format":"standard","meta":{"spay_email":""},"categories":[7],"tags":[8],"jetpack_featured_media_url":"https:\/\/lavozdesanesteban.cl\/wp-content\/uploads\/2024\/11\/EQUIPO.jpeg","_links":{"self":[{"href":"https:\/\/lavozdesanesteban.cl\/index.php\/wp-json\/wp\/v2\/posts\/4544"}],"collection":[{"href":"https:\/\/lavozdesanesteban.cl\/index.php\/wp-json\/wp\/v2\/posts"}],"about":[{"href":"https:\/\/lavozdesanesteban.cl\/index.php\/wp-json\/wp\/v2\/types\/post"}],"author":[{"embeddable":true,"href":"https:\/\/lavozdesanesteban.cl\/index.php\/wp-json\/wp\/v2\/users\/2"}],"replies":[{"embeddable":true,"href":"https:\/\/lavozdesanesteban.cl\/index.php\/wp-json\/wp\/v2\/comments?post=4544"}],"version-history":[{"count":1,"href":"https:\/\/lavozdesanesteban.cl\/index.php\/wp-json\/wp\/v2\/posts\/4544\/revisions"}],"predecessor-version":[{"id":4546,"href":"https:\/\/lavozdesanesteban.cl\/index.php\/wp-json\/wp\/v2\/posts\/4544\/revisions\/4546"}],"wp:featuredmedia":[{"embeddable":true,"href":"https:\/\/lavozdesanesteban.cl\/index.php\/wp-json\/wp\/v2\/media\/4545"}],"wp:attachment":[{"href":"https:\/\/lavozdesanesteban.cl\/index.php\/wp-json\/wp\/v2\/media?parent=4544"}],"wp:term":[{"taxonomy":"category","embeddable":true,"href":"https:\/\/lavozdesanesteban.cl\/index.php\/wp-json\/wp\/v2\/categories?post=4544"},{"taxonomy":"post_tag","embeddable":true,"href":"https:\/\/lavozdesanesteban.cl\/index.php\/wp-json\/wp\/v2\/tags?post=4544"}],"curies":[{"name":"wp","href":"https:\/\/api.w.org\/{rel}","templated":true}]}}