{"id":4547,"date":"2024-11-27T02:45:39","date_gmt":"2024-11-27T02:45:39","guid":{"rendered":"https:\/\/lavozdesanesteban.cl\/?p=4547"},"modified":"2024-11-27T02:45:40","modified_gmt":"2024-11-27T02:45:40","slug":"instituciones-de-la-provincia-de-valparaiso-realizan-positivo-balance-de-la-pena-de-trabajos-comunitarios","status":"publish","type":"post","link":"https:\/\/lavozdesanesteban.cl\/index.php\/2024\/11\/27\/instituciones-de-la-provincia-de-valparaiso-realizan-positivo-balance-de-la-pena-de-trabajos-comunitarios\/","title":{"rendered":"INSTITUCIONES DE LA PROVINCIA DE VALPARA\u00cdSO REALIZAN POSITIVO BALANCE DE LA PENA DE TRABAJOS COMUNITARIOS"},"content":{"rendered":"\n<p><\/p>\n\n\n\n<p>En la actualidad 1015 personas est\u00e1n cumpliendo con esta medida en la regi\u00f3n.<a><\/a><\/p>\n\n\n\n<p><strong>______________________________________________________________________<\/strong><\/p>\n\n\n\n<p>Este martes se realiz\u00f3 la Jornada de An\u00e1lisis de la Pena de Prestaci\u00f3n de Servicios en Beneficio de la Comunidad (PSBC) con Entidades Beneficiarias de la Provincia de Valpara\u00edso. En el encuentro, al que asistieron representantes de alrededor de 30 organizaciones sociales, hubo consenso en destacar la ejecuci\u00f3n de esta pena sustitutiva&nbsp; a la reclusi\u00f3n.<\/p>\n\n\n\n<p>La actividad, efectuada en dependencias de la Universidad de Valpara\u00edso, fue dirigida por Mabel Montenegro Troncoso, coordinadora territorial de PSBC en la provincia de Valpara\u00edso. La profesional destac\u00f3 el estrecho trabajo que durante estos casi once a\u00f1os de vida de la pena se ha logrado mantener con aquellas entidades con las que se ha firmado un convenio de colaboraci\u00f3n.<\/p>\n\n\n\n<p>\u201cEn la jornada del d\u00eda de hoy (martes) asistieron m\u00e1s de 25 entidades. Son entidades sin fines de lucro que tienen convenio con nosotros. De manera muy espont\u00e1nea los distintos representantes de la comuna quisieron hablar sobre la experiencia que han tenido, han sido experiencias completamente satisfactorias. Eso, adem\u00e1s, nos invita a seguir abriendo otras plazas y otros convenios en diferentes lugares\u201d.<\/p>\n\n\n\n<p>\u201cEn la actualidad han egresado 6042 personas. Se concentra la mayor cantidad de personas en el CRS (Centro de Reinserci\u00f3n Social) de Valpara\u00edso. Tenemos, en la regi\u00f3n, a 1015 personas que se encuentra vigentes. Eso significa que est\u00e1n cumpliendo plan de actividades y los que est\u00e1n presentados en los distintos CRS de la regi\u00f3n\u201d, agreg\u00f3 Montenegro.<\/p>\n\n\n\n<p>Una de las dirigentes que entreg\u00f3 su testimonio fue Jessica de Laire Legua, presidenta de la Uni\u00f3n Comunal de Juntas de Vecino de Vi\u00f1a del Mar.<\/p>\n\n\n\n<p>\u201cDesde el a\u00f1o 2013 hemos hecho un trabajo colaborativo entre Uni\u00f3n Comunal y Gendarmer\u00eda. Esta experiencia ha sido muy enriquecedora, en la cual nosotros estamos dando oportunidad a las personas para la reinserci\u00f3n social. Estas personas van a cumplir su trabajo social y comunitario, por ejemplo, en limpieza, jardiner\u00eda y obras menores. Es un beneficio mutuo entre las personas que est\u00e1n cumpliendo su condena de penas menores y beneficiando a cada junta de vecinos que son asociadas a nuestra organizaci\u00f3n\u201d.<\/p>\n\n\n\n<p>Cabe destacar que a nivel regional esta Uni\u00f3n Comunal es la segunda entidad que m\u00e1s personas ha acogido, superando las 200 durante estos once a\u00f1os de vida de la prestaci\u00f3n de servicios en beneficio de la comunidad y siendo superada solamente el Ej\u00e9rcito de Salvaci\u00f3n.<\/p>\n\n\n\n<p>La PSBC busca la reinserci\u00f3n social y evitar el contagio crimin\u00f3geno que se puede dar en el subsistema cerrado, adem\u00e1s, evita el desarraigo familiar y la p\u00e9rdida de las redes sociales del penado, quien, voluntariamente, accede a cumplir con horas de trabajo no remunerado la pena impuesta por el tribunal.<\/p>\n","protected":false},"excerpt":{"rendered":"<p>En la actualidad 1015 personas est\u00e1n cumpliendo con esta medida en la regi\u00f3n. ______________________________________________________________________ Este martes se realiz\u00f3 la Jornada de An\u00e1lisis de la Pena de Prestaci\u00f3n de Servicios en Beneficio de la Comunidad (PSBC) con Entidades Beneficiarias de la Provincia de Valpara\u00edso. En el encuentro, al que asistieron representantes de alrededor de 30 organizaciones &hellip;<\/p>\n","protected":false},"author":2,"featured_media":4548,"comment_status":"open","ping_status":"open","sticky":false,"template":"","format":"standard","meta":{"spay_email":""},"categories":[3],"tags":[8],"jetpack_featured_media_url":"https:\/\/lavozdesanesteban.cl\/wp-content\/uploads\/2024\/11\/PSBC-1.jpg","_links":{"self":[{"href":"https:\/\/lavozdesanesteban.cl\/index.php\/wp-json\/wp\/v2\/posts\/4547"}],"collection":[{"href":"https:\/\/lavozdesanesteban.cl\/index.php\/wp-json\/wp\/v2\/posts"}],"about":[{"href":"https:\/\/lavozdesanesteban.cl\/index.php\/wp-json\/wp\/v2\/types\/post"}],"author":[{"embeddable":true,"href":"https:\/\/lavozdesanesteban.cl\/index.php\/wp-json\/wp\/v2\/users\/2"}],"replies":[{"embeddable":true,"href":"https:\/\/lavozdesanesteban.cl\/index.php\/wp-json\/wp\/v2\/comments?post=4547"}],"version-history":[{"count":1,"href":"https:\/\/lavozdesanesteban.cl\/index.php\/wp-json\/wp\/v2\/posts\/4547\/revisions"}],"predecessor-version":[{"id":4549,"href":"https:\/\/lavozdesanesteban.cl\/index.php\/wp-json\/wp\/v2\/posts\/4547\/revisions\/4549"}],"wp:featuredmedia":[{"embeddable":true,"href":"https:\/\/lavozdesanesteban.cl\/index.php\/wp-json\/wp\/v2\/media\/4548"}],"wp:attachment":[{"href":"https:\/\/lavozdesanesteban.cl\/index.php\/wp-json\/wp\/v2\/media?parent=4547"}],"wp:term":[{"taxonomy":"category","embeddable":true,"href":"https:\/\/lavozdesanesteban.cl\/index.php\/wp-json\/wp\/v2\/categories?post=4547"},{"taxonomy":"post_tag","embeddable":true,"href":"https:\/\/lavozdesanesteban.cl\/index.php\/wp-json\/wp\/v2\/tags?post=4547"}],"curies":[{"name":"wp","href":"https:\/\/api.w.org\/{rel}","templated":true}]}}