{"id":4550,"date":"2024-11-27T02:48:00","date_gmt":"2024-11-27T02:48:00","guid":{"rendered":"https:\/\/lavozdesanesteban.cl\/?p=4550"},"modified":"2024-11-27T02:48:02","modified_gmt":"2024-11-27T02:48:02","slug":"municipio-abre-etapa-de-postulacion-a-la-exencion-de-derecho-de-aseo-domiciliario-2025","status":"publish","type":"post","link":"https:\/\/lavozdesanesteban.cl\/index.php\/2024\/11\/27\/municipio-abre-etapa-de-postulacion-a-la-exencion-de-derecho-de-aseo-domiciliario-2025\/","title":{"rendered":"Municipio abre etapa de postulaci\u00f3n a la exenci\u00f3n de derecho de aseo domiciliario 2025"},"content":{"rendered":"\n<p><\/p>\n\n\n\n<p><em>El tr\u00e1mite se podr\u00e1 realizar hasta el 31 de enero de manera presencial, de lunes a viernes entre las 08:30 y las 13:00 horas, en el m\u00f3dulo de informaciones de Dideco, ubicado en Avenida Maip\u00fa 376; en el sal\u00f3n de Tesorer\u00eda Municipal en el segundo piso del Edificio Consistorial; y en las dependencias de la Delegaci\u00f3n de Curim\u00f3n.<\/em><\/p>\n\n\n\n<p>El pasado mi\u00e9rcoles 20 de noviembre, la Municipalidad de San Felipe inici\u00f3 el proceso de postulaci\u00f3n a la exenci\u00f3n del pago de aseo domiciliario a\u00f1o 2025, el cual se extender\u00e1 hasta el 31 de enero y se podr\u00e1 realizar de manera presencial en al menos tres lugares de apoyo dispuestos para el tr\u00e1mite.<\/p>\n\n\n\n<p>As\u00ed lo explic\u00f3 la alcaldesa Carmen Castillo, quien aprovech\u00f3 de hacer un llamado a la comunidad a postular a este beneficio con tiempo. <strong>\u201cEsto para nosotros es importante y que se pueda tramitar con tiempo para no estar atrasados o a \u00faltima hora. En la tesorer\u00eda ya se est\u00e1 atendiendo y tambi\u00e9n hay puntos de apoyo en la Delegaci\u00f3n Municipal de Curim\u00f3n y en DIDECO. El llamado es a que acudan porque esto beneficia a las personas para que tengan la posibilidad de la exenci\u00f3n del pago\u201d, <\/strong>asegur\u00f3.<\/p>\n\n\n\n<p>Para renovar o postular por primera vez al beneficio, se debe cumplir con una serie de requisitos, los que fueron dados a conocer por la Directora de Desarrollo Comunitario (DIDECO), Mar\u00eda Teresa Urbina, quien indic\u00f3 cu\u00e1l es la documentaci\u00f3n que se debe tener a mano para realizar este proceso.<\/p>\n\n\n\n<p><strong>\u201cLos requisitos es tener el Registro Social de Hogares en nuestra comuna y la propiedad con la que est\u00e1 postulando al beneficio sea la misma direcci\u00f3n que se tiene en sus RSH. Se debe tener adem\u00e1s el carnet de identidad, el Registro Social de Hogares y el rol de aval\u00fao fiscal de la propiedad\u201d<\/strong>, explic\u00f3.<\/p>\n\n\n\n<p>Agreg\u00f3 Urbina que <strong>\u201cen el caso de ser propietarios, el beneficio dura tres a\u00f1os, y en el caso de ser arrendatario, el beneficio dura solo un a\u00f1o. Recordar que para las personas mayores, en el caso de las mujeres sobre 60, y los varones sobre 65 a\u00f1os, este beneficio cubre el cien por ciento de la cuota que se paga por aseo domiciliario\u201d. <\/strong>Mientras que las personas menores de 60 a\u00f1os, podr\u00e1n tener una exenci\u00f3n acorde al porcentaje en el que se encuentren en el Registro Social de Hogares.<\/p>\n\n\n\n<p>Finalmente, la DIDECO a\u00f1adi\u00f3 que equipos municipales estar\u00e1n apoyando a los vecinos a sacar el certificado de aval\u00fao fiscal de sus propiedades, para estimar el valor del pago por concepto de derecho de aseo domiciliarios.<\/p>\n\n\n\n<p>Los resultados de la postulaci\u00f3n ser\u00e1n dados a conocer en abril del pr\u00f3ximo a\u00f1o, a trav\u00e9s de la p\u00e1gina web del municipio <a href=\"http:\/\/www.munisanfelipe.cl\">www.munisanfelipe.cl<\/a>.<\/p>\n","protected":false},"excerpt":{"rendered":"<p>El tr\u00e1mite se podr\u00e1 realizar hasta el 31 de enero de manera presencial, de lunes a viernes entre las 08:30 y las 13:00 horas, en el m\u00f3dulo de informaciones de Dideco, ubicado en Avenida Maip\u00fa 376; en el sal\u00f3n de Tesorer\u00eda Municipal en el segundo piso del Edificio Consistorial; y en las dependencias de la &hellip;<\/p>\n","protected":false},"author":2,"featured_media":4551,"comment_status":"open","ping_status":"open","sticky":false,"template":"","format":"standard","meta":{"spay_email":""},"categories":[7],"tags":[8],"jetpack_featured_media_url":"https:\/\/lavozdesanesteban.cl\/wp-content\/uploads\/2024\/11\/ASEO.jpeg","_links":{"self":[{"href":"https:\/\/lavozdesanesteban.cl\/index.php\/wp-json\/wp\/v2\/posts\/4550"}],"collection":[{"href":"https:\/\/lavozdesanesteban.cl\/index.php\/wp-json\/wp\/v2\/posts"}],"about":[{"href":"https:\/\/lavozdesanesteban.cl\/index.php\/wp-json\/wp\/v2\/types\/post"}],"author":[{"embeddable":true,"href":"https:\/\/lavozdesanesteban.cl\/index.php\/wp-json\/wp\/v2\/users\/2"}],"replies":[{"embeddable":true,"href":"https:\/\/lavozdesanesteban.cl\/index.php\/wp-json\/wp\/v2\/comments?post=4550"}],"version-history":[{"count":1,"href":"https:\/\/lavozdesanesteban.cl\/index.php\/wp-json\/wp\/v2\/posts\/4550\/revisions"}],"predecessor-version":[{"id":4552,"href":"https:\/\/lavozdesanesteban.cl\/index.php\/wp-json\/wp\/v2\/posts\/4550\/revisions\/4552"}],"wp:featuredmedia":[{"embeddable":true,"href":"https:\/\/lavozdesanesteban.cl\/index.php\/wp-json\/wp\/v2\/media\/4551"}],"wp:attachment":[{"href":"https:\/\/lavozdesanesteban.cl\/index.php\/wp-json\/wp\/v2\/media?parent=4550"}],"wp:term":[{"taxonomy":"category","embeddable":true,"href":"https:\/\/lavozdesanesteban.cl\/index.php\/wp-json\/wp\/v2\/categories?post=4550"},{"taxonomy":"post_tag","embeddable":true,"href":"https:\/\/lavozdesanesteban.cl\/index.php\/wp-json\/wp\/v2\/tags?post=4550"}],"curies":[{"name":"wp","href":"https:\/\/api.w.org\/{rel}","templated":true}]}}