{"id":4553,"date":"2024-11-27T02:52:49","date_gmt":"2024-11-27T02:52:49","guid":{"rendered":"https:\/\/lavozdesanesteban.cl\/?p=4553"},"modified":"2024-11-27T02:52:52","modified_gmt":"2024-11-27T02:52:52","slug":"adultos-mayores-serian-los-mas-propensos","status":"publish","type":"post","link":"https:\/\/lavozdesanesteban.cl\/index.php\/2024\/11\/27\/adultos-mayores-serian-los-mas-propensos\/","title":{"rendered":"Adultos mayores ser\u00edan los m\u00e1s propensos:"},"content":{"rendered":"\n<p><strong>\u00bfVuelven las mascarillas? Alerta por<\/strong><\/p>\n\n\n\n<p><strong>Neumon\u00eda Mycoplasma que lleg\u00f3 a Chile<\/strong><\/p>\n\n\n\n<p><strong>&#8211; Esta bacteria, que se transmite f\u00e1cilmente a trav\u00e9s de las gotas respiratorias, ha provocado un aumento significativo en el n\u00famero de pacientes, especialmente en adultos y ni\u00f1os.<\/strong><\/p>\n\n\n\n<p>Las autoridades sanitarias chilenas han encendido las alarmas ante un preocupante incremento en los casos de neumon\u00eda causada por la bacteria Mycoplasma Pneumoniae. Seg\u00fan el <a href=\"https:\/\/epi.minsal.cl\/wp-content\/uploads\/2024\/11\/ORD_2879_18_10_2024_Mycoplasma.pdf\">informe <\/a>emitido por la OMS, desde enero de 2023 hasta octubre de 2024, los casos sumaron 1.604 en total, 834 casos el a\u00f1o pasado y 770 en lo que va de este.<\/p>\n\n\n\n<p><strong>\u00bfQu\u00e9 es la neumon\u00eda?<\/strong><\/p>\n\n\n\n<p>\u201cLa neumon\u00eda es una infecci\u00f3n que inflama los pulmones, dificultando la respiraci\u00f3n y la oxigenaci\u00f3n de la sangre. En casos graves, puede llevar a complicaciones como insuficiencia respiratoria\u201d, explica el Dr. V\u00edctor Aliste, broncopulmonar de Cl\u00ednica INDISA.<br>&nbsp;&nbsp;&nbsp;&nbsp;&nbsp;&nbsp;&nbsp;&nbsp;&nbsp;&nbsp;&nbsp;&nbsp;&nbsp;&nbsp;&nbsp; Ciertas condiciones aumentan el riesgo de desarrollar neumon\u00eda, como la edad avanzada, el sistema inmunol\u00f3gico debilitado, enfermedades cr\u00f3nicas (como el asma o la diabetes), el tabaquismo y el consumo excesivo de alcohol.<\/p>\n\n\n\n<p><strong>\u00bfCu\u00e1l es la diferencia entre una neumon\u00eda com\u00fan y una causada por esta bacteria?<\/strong><\/p>\n\n\n\n<p>\u201cLa principal diferencia entre ambas radica en la presentaci\u00f3n cl\u00ednica: la neumon\u00eda com\u00fan suele ser m\u00e1s aguda y con s\u00edntomas m\u00e1s intensos, mientras que la neumon\u00eda por Mycoplasma Pneumoniae tiene un inicio m\u00e1s gradual y una sintomatolog\u00eda m\u00e1s variada\u201d, precisa el Dr. Aliste. Sin embargo, esa no es la \u00fanica forma de diferenciarlas.<\/p>\n\n\n\n<figure class=\"wp-block-table\"><table><tbody><tr><td>&nbsp;<\/td><td><strong>Neumon\u00eda com\u00fan (t\u00edpicamente por Streptococcus Pneumoniae)<\/strong><\/td><td><strong>Neumon\u00eda por Mycoplasma Pneumoniae (neumon\u00eda at\u00edpica)<\/strong><\/td><\/tr><tr><td><strong>Inicio<\/strong><\/td><td>Brusco, s\u00edntomas intensos desde el comienzo.<\/td><td>Gradual, s\u00edntomas que se desarrollan lentamente.<\/td><\/tr><tr><td><strong>Fiebre<\/strong><\/td><td>Alta, desde el inicio.<\/td><td>Baja o moderada.<\/td><\/tr><tr><td><strong>Escalofr\u00edos<\/strong><\/td><td>Frecuentes.<\/td><td>Menos frecuentes.<\/td><\/tr><tr><td><strong>Dolor tor\u00e1cico<\/strong><\/td><td>Agudo y localizado.<\/td><td>Puede estar presente, pero suele ser menos intenso.<\/td><\/tr><tr><td><strong>Tos<\/strong><\/td><td>Productiva (con flema).<\/td><td>Seca y persistente.<\/td><\/tr><tr><td><strong>Otros s\u00edntomas<\/strong><\/td><td>Principalmente respiratorios.<\/td><td>Pueden incluir s\u00edntomas extrapulmonares como dolor de cabeza, fatiga, erupciones cut\u00e1neas.<\/td><\/tr><tr><td><strong>Duraci\u00f3n<\/strong><\/td><td>Tiende a ser m\u00e1s corta.<\/td><td>Puede durar varias semanas.<\/td><\/tr><\/tbody><\/table><\/figure>\n\n\n\n<p><strong>\u00bfC\u00f3mo se contagia y cu\u00e1les son los s\u00edntomas?<\/strong><\/p>\n\n\n\n<p>La Mycoplasma Pneumoniae se propaga f\u00e1cilmente de persona a persona a trav\u00e9s de la tos y los estornudos. Los s\u00edntomas m\u00e1s comunes de la neumon\u00eda causada por esta bacteria incluyen:<\/p>\n\n\n\n<ul><li>Tos permanente y seca.<\/li><li>Fiebre moderada o alta, y suele acompa\u00f1arse de escalofr\u00edos.<\/li><li>Dolor de cabeza o sensaci\u00f3n de pesadez.<\/li><li>Dolor e irritaci\u00f3n en la&nbsp; garganta.<\/li><li>Dolor de pecho o sensaci\u00f3n de opresi\u00f3n al respirar o toser.<\/li><\/ul>\n\n\n\n<p>\u201cEn algunos casos, tambi\u00e9n pueden presentarse otros s\u00edntomas como dolor de o\u00eddo, erupciones cut\u00e1neas y fatiga\u201d, complementa el Dr. Aliste.<\/p>\n\n\n\n<p><strong>\u00bfC\u00f3mo prevenirla?<\/strong><\/p>\n\n\n\n<p>El especialista de INDISA asegura que para evitar el contagio de la neumon\u00eda por Mycoplasma Pneumoniae es fundamental adoptar medidas de higiene b\u00e1sicas como:<\/p>\n\n\n\n<ul><li><strong>Lavarse las manos con frecuencia:<\/strong> el lavado frecuente de manos con agua y jab\u00f3n es la medida m\u00e1s efectiva para prevenir la propagaci\u00f3n de la bacteria.<\/li><li><strong>Cubrirse la boca y la nariz al toser o estornudar:<\/strong> utilizar un pa\u00f1uelo desechable o la parte interna del codo para evitar dispersar las gotas respiratorias.<\/li><li><strong>Evitar el contacto cercano con personas enfermas:<\/strong> mantener una distancia segura de personas con s\u00edntomas respiratorios.<\/li><li><strong>Usar mascarilla:<\/strong> en espacios cerrados o con mucha gente, el uso de mascarilla puede ayudar a reducir el riesgo de contagio.<\/li><\/ul>\n\n\n\n<p><strong>Tratamiento<\/strong><\/p>\n\n\n\n<p>\u201cEl tratamiento se basa en el uso de antibi\u00f3ticos, pero es fundamental consultar a un m\u00e9dico para un diagn\u00f3stico y tratamiento adecuados\u201d, destaca el Dr. V\u00edctor Aliste, broncopulmonar de Cl\u00ednica INDISA.<\/p>\n\n\n\n<p>Las autoridades sanitarias hacen un llamado a la poblaci\u00f3n a estar atentos a los s\u00edntomas. No dudes en consultar a Cl\u00ednica INDISA ante cualquier sospecha de infecci\u00f3n por Mycoplasma Pneumoniae.<\/p>\n","protected":false},"excerpt":{"rendered":"<p>\u00bfVuelven las mascarillas? Alerta por Neumon\u00eda Mycoplasma que lleg\u00f3 a Chile &#8211; Esta bacteria, que se transmite f\u00e1cilmente a trav\u00e9s de las gotas respiratorias, ha provocado un aumento significativo en el n\u00famero de pacientes, especialmente en adultos y ni\u00f1os. Las autoridades sanitarias chilenas han encendido las alarmas ante un preocupante incremento en los casos de &hellip;<\/p>\n","protected":false},"author":2,"featured_media":4555,"comment_status":"open","ping_status":"open","sticky":false,"template":"","format":"standard","meta":{"spay_email":""},"categories":[5],"tags":[8],"jetpack_featured_media_url":"https:\/\/lavozdesanesteban.cl\/wp-content\/uploads\/2024\/11\/unnamed.jpg","_links":{"self":[{"href":"https:\/\/lavozdesanesteban.cl\/index.php\/wp-json\/wp\/v2\/posts\/4553"}],"collection":[{"href":"https:\/\/lavozdesanesteban.cl\/index.php\/wp-json\/wp\/v2\/posts"}],"about":[{"href":"https:\/\/lavozdesanesteban.cl\/index.php\/wp-json\/wp\/v2\/types\/post"}],"author":[{"embeddable":true,"href":"https:\/\/lavozdesanesteban.cl\/index.php\/wp-json\/wp\/v2\/users\/2"}],"replies":[{"embeddable":true,"href":"https:\/\/lavozdesanesteban.cl\/index.php\/wp-json\/wp\/v2\/comments?post=4553"}],"version-history":[{"count":1,"href":"https:\/\/lavozdesanesteban.cl\/index.php\/wp-json\/wp\/v2\/posts\/4553\/revisions"}],"predecessor-version":[{"id":4556,"href":"https:\/\/lavozdesanesteban.cl\/index.php\/wp-json\/wp\/v2\/posts\/4553\/revisions\/4556"}],"wp:featuredmedia":[{"embeddable":true,"href":"https:\/\/lavozdesanesteban.cl\/index.php\/wp-json\/wp\/v2\/media\/4555"}],"wp:attachment":[{"href":"https:\/\/lavozdesanesteban.cl\/index.php\/wp-json\/wp\/v2\/media?parent=4553"}],"wp:term":[{"taxonomy":"category","embeddable":true,"href":"https:\/\/lavozdesanesteban.cl\/index.php\/wp-json\/wp\/v2\/categories?post=4553"},{"taxonomy":"post_tag","embeddable":true,"href":"https:\/\/lavozdesanesteban.cl\/index.php\/wp-json\/wp\/v2\/tags?post=4553"}],"curies":[{"name":"wp","href":"https:\/\/api.w.org\/{rel}","templated":true}]}}