{"id":4563,"date":"2024-11-27T03:04:21","date_gmt":"2024-11-27T03:04:21","guid":{"rendered":"https:\/\/lavozdesanesteban.cl\/?p=4563"},"modified":"2024-11-27T03:04:23","modified_gmt":"2024-11-27T03:04:23","slug":"municipio-andino-realiza-por-cuarto-ano-esterilizaciones-gratuitas-de-mascotas-en-los-andes","status":"publish","type":"post","link":"https:\/\/lavozdesanesteban.cl\/index.php\/2024\/11\/27\/municipio-andino-realiza-por-cuarto-ano-esterilizaciones-gratuitas-de-mascotas-en-los-andes\/","title":{"rendered":"Municipio andino realiza por cuarto a\u00f1o esterilizaciones gratuitas de mascotas en Los Andes"},"content":{"rendered":"\n<p><\/p>\n\n\n\n<p><em>Se est\u00e1n haciendo esterilizaciones gratuitas con fondos municipales<\/em><\/p>\n\n\n\n<p>Con un aumento de recursos se est\u00e1 desarrollando el programa esterilizaciones por parte de la Municipalidad de Andes, a trav\u00e9s del Centro de Atenci\u00f3n Primario Animal, en distintos puntos de la comuna. Este a\u00f1o, se destinaron 15 millones de pesos que se traducen en m\u00e1s 500 esterilizaciones para mascotas, principalmente perros y gatos.<\/p>\n\n\n\n<p>Equipos externos se han desplegado por los sectores que se han priorizados de acuerdo a la alta demanda que existe, como lo son Alto Aconcagua, Camino Internacional y sectores perif\u00e9ricos.<\/p>\n\n\n\n<p>Ricardo Apablaza, encargado de la veterinaria municipal de Los Andes coment\u00f3 que \u201chemos priorizado tambi\u00e9n a solicitud de los vecinos y nuestra convocatoria se hace a trav\u00e9s de las juntas de vecinos. \u201cEs importante que lo tengan claro. vamos a ir por distintas partes de la comuna para que la gente pueda acceder, as\u00ed que hay que tener paciencia\u201d.<\/p>\n\n\n\n<p>Cristi\u00e1n Veloso, director de Medio Ambiente de la Municipalidad de Los Andes,&nbsp; se\u00f1al\u00f3 que \u201ceste a\u00f1o, al igual que los anteriores el municipio postul\u00f3 a recursos de gobierno, espec\u00edficamente de la Subdere para optar a m\u00e1s de dos mil esterilizaciones gratuitas, sin embargo, no ha habido novedades con esa destinaci\u00f3n de recursos. Esperemos que el gobierno entregue pronto esos recursos, porque es un tema que nos sirve mucho para controlar a los perros comunitarios y tambi\u00e9n ayuda a los vecinos que necesitan hacer estas esterilizaciones a sus mascotas y que tiene una tenencia responsable de las mismas\u201d.<\/p>\n\n\n\n<p>Luis Z\u00fa\u00f1iga, presidente de la Junta de Vecinos del barrio La Concepci\u00f3n, uno de los sectores beneficiados enfatiz\u00f3: \u201cEste operativo me parece perfecto para controlar la poblaci\u00f3n de animales, y as\u00ed que las personas sean m\u00e1s responsables en la tenencia de sus mascotas\u201d.<\/p>\n\n\n\n<p>Si bien el valor de una esterilizaci\u00f3n depende del peso de la mascota, este pude llegar a los cien mil pesos en el mercado.<\/p>\n","protected":false},"excerpt":{"rendered":"<p>Se est\u00e1n haciendo esterilizaciones gratuitas con fondos municipales Con un aumento de recursos se est\u00e1 desarrollando el programa esterilizaciones por parte de la Municipalidad de Andes, a trav\u00e9s del Centro de Atenci\u00f3n Primario Animal, en distintos puntos de la comuna. Este a\u00f1o, se destinaron 15 millones de pesos que se traducen en m\u00e1s 500 esterilizaciones &hellip;<\/p>\n","protected":false},"author":2,"featured_media":4564,"comment_status":"open","ping_status":"open","sticky":false,"template":"","format":"standard","meta":{"spay_email":""},"categories":[7],"tags":[8],"jetpack_featured_media_url":"https:\/\/lavozdesanesteban.cl\/wp-content\/uploads\/2024\/11\/ESTERILIZACION.jpeg","_links":{"self":[{"href":"https:\/\/lavozdesanesteban.cl\/index.php\/wp-json\/wp\/v2\/posts\/4563"}],"collection":[{"href":"https:\/\/lavozdesanesteban.cl\/index.php\/wp-json\/wp\/v2\/posts"}],"about":[{"href":"https:\/\/lavozdesanesteban.cl\/index.php\/wp-json\/wp\/v2\/types\/post"}],"author":[{"embeddable":true,"href":"https:\/\/lavozdesanesteban.cl\/index.php\/wp-json\/wp\/v2\/users\/2"}],"replies":[{"embeddable":true,"href":"https:\/\/lavozdesanesteban.cl\/index.php\/wp-json\/wp\/v2\/comments?post=4563"}],"version-history":[{"count":1,"href":"https:\/\/lavozdesanesteban.cl\/index.php\/wp-json\/wp\/v2\/posts\/4563\/revisions"}],"predecessor-version":[{"id":4565,"href":"https:\/\/lavozdesanesteban.cl\/index.php\/wp-json\/wp\/v2\/posts\/4563\/revisions\/4565"}],"wp:featuredmedia":[{"embeddable":true,"href":"https:\/\/lavozdesanesteban.cl\/index.php\/wp-json\/wp\/v2\/media\/4564"}],"wp:attachment":[{"href":"https:\/\/lavozdesanesteban.cl\/index.php\/wp-json\/wp\/v2\/media?parent=4563"}],"wp:term":[{"taxonomy":"category","embeddable":true,"href":"https:\/\/lavozdesanesteban.cl\/index.php\/wp-json\/wp\/v2\/categories?post=4563"},{"taxonomy":"post_tag","embeddable":true,"href":"https:\/\/lavozdesanesteban.cl\/index.php\/wp-json\/wp\/v2\/tags?post=4563"}],"curies":[{"name":"wp","href":"https:\/\/api.w.org\/{rel}","templated":true}]}}