{"id":4566,"date":"2024-11-27T03:08:36","date_gmt":"2024-11-27T03:08:36","guid":{"rendered":"https:\/\/lavozdesanesteban.cl\/?p=4566"},"modified":"2024-11-27T03:08:39","modified_gmt":"2024-11-27T03:08:39","slug":"profesor-y-estudiantes-de-la-escuela-mixta-lo-calvo-de-san-esteban-crearon-comics-relacionados-con-el-valle-del-aconcagua","status":"publish","type":"post","link":"https:\/\/lavozdesanesteban.cl\/index.php\/2024\/11\/27\/profesor-y-estudiantes-de-la-escuela-mixta-lo-calvo-de-san-esteban-crearon-comics-relacionados-con-el-valle-del-aconcagua\/","title":{"rendered":"Profesor y estudiantes de la Escuela Mixta Lo Calvo de San Esteban crearon comics relacionados con el Valle del Aconcagua"},"content":{"rendered":"\n<p><\/p>\n\n\n\n<ul><li>Esta iniciativa, que busca entregarle dinamismo y entretenci\u00f3n al proceso educativo, comenz\u00f3 en 2018, cuando el profesor Marco Cordero junto a sus estudiantes buscaban &nbsp;no solo transmitir conocimientos hist\u00f3ricos, sino tambi\u00e9n motivar a los estudiantes a aprender a trav\u00e9s de un enfoque creativo y participativo.<\/li><\/ul>\n\n\n\n<p>En un esfuerzo por hacer un aprendizaje m\u00e1s din\u00e1mico y entretenido, el profesor de historia de la Escuela Mixta Lo Calvo, Marco Cordero, junto a sus estudiantes han creado una serie de comics que narran historias del Valle del Aconcagua. Esta iniciativa busca no solo transmitir conocimientos hist\u00f3ricos, sino tambi\u00e9n motivar a los estudiantes a aprender a trav\u00e9s de un enfoque creativo y participativo.<\/p>\n\n\n\n<p>La serie, conocida como \u201cAconcagua Comics\u201d explora algunos de los episodios de la historia del Valle del Aconcagua, desde los pueblos originarios de Michimalonco a otros eventos que han sido parte de la regi\u00f3n. En este caso, los estudiantes participan junto con el apoyo del profesor Marco en el proceso creativo, desde la investigaci\u00f3n hist\u00f3rica hasta la ilustraci\u00f3n.<\/p>\n\n\n\n<p>En ese sentido, el profesor Marco Cordero coment\u00f3 acerca de la importancia del trabajo que realiza con los estudiantes, se\u00f1alando que \u201cEste trabajo lo llevamos ya varios a\u00f1os, en donde se pretend\u00eda hacer m\u00e1s entretenida la ense\u00f1anza y el aprendizaje de los ni\u00f1os, articulando lo que hago, que es historia con algo que me apasiona, que es el dibujo. Entonces, empezamos a conocer la historia (de nuestra comuna), por ejemplo \u00bfqui\u00e9n fue Michimalonco? Ya que los ni\u00f1os lo cantan en el himno, pero no saben qui\u00e9n era.<\/p>\n\n\n\n<p>\u201cEntonces decidimos crear con un curso anterior que yo tuve, un comic para que todos los ni\u00f1os de la escuela supieran quien era Michimalonco y esto se ha ido manteniendo con el tiempo, hemos ido buscando nuevas historias. Por ejemplo, ahora estamos trabajando el Salto del Soldado (Combate de los Papeles), ya que fuimos recientemente a visitar el lugar. La idea justamente es que los ni\u00f1os mantengan el conocimiento y si no, que podamos ense\u00f1\u00e1rselos, ya que tenemos una historia muy rica en muchas cosas, como la Guerra del Pac\u00edfico, uno de muchos ejemplos\u201d.<\/p>\n\n\n\n<p>Este proyecto no solo refuerza el aprendizaje de los estudiantes, sino que tambi\u00e9n fomenta la conexi\u00f3n con el patrimonio cultural de San Esteban y el Valle del Aconcagua, demostrando c\u00f3mo la educaci\u00f3n puede transformarse a trav\u00e9s de la creatividad.<\/p>\n","protected":false},"excerpt":{"rendered":"<p>Esta iniciativa, que busca entregarle dinamismo y entretenci\u00f3n al proceso educativo, comenz\u00f3 en 2018, cuando el profesor Marco Cordero junto a sus estudiantes buscaban &nbsp;no solo transmitir conocimientos hist\u00f3ricos, sino tambi\u00e9n motivar a los estudiantes a aprender a trav\u00e9s de un enfoque creativo y participativo. En un esfuerzo por hacer un aprendizaje m\u00e1s din\u00e1mico y &hellip;<\/p>\n","protected":false},"author":2,"featured_media":4567,"comment_status":"open","ping_status":"open","sticky":false,"template":"","format":"standard","meta":{"spay_email":""},"categories":[2],"tags":[8],"jetpack_featured_media_url":"https:\/\/lavozdesanesteban.cl\/wp-content\/uploads\/2024\/11\/TRABAJO-COMIC-ESCUELA-MIXTA-LO-CALVO.jpg","_links":{"self":[{"href":"https:\/\/lavozdesanesteban.cl\/index.php\/wp-json\/wp\/v2\/posts\/4566"}],"collection":[{"href":"https:\/\/lavozdesanesteban.cl\/index.php\/wp-json\/wp\/v2\/posts"}],"about":[{"href":"https:\/\/lavozdesanesteban.cl\/index.php\/wp-json\/wp\/v2\/types\/post"}],"author":[{"embeddable":true,"href":"https:\/\/lavozdesanesteban.cl\/index.php\/wp-json\/wp\/v2\/users\/2"}],"replies":[{"embeddable":true,"href":"https:\/\/lavozdesanesteban.cl\/index.php\/wp-json\/wp\/v2\/comments?post=4566"}],"version-history":[{"count":1,"href":"https:\/\/lavozdesanesteban.cl\/index.php\/wp-json\/wp\/v2\/posts\/4566\/revisions"}],"predecessor-version":[{"id":4568,"href":"https:\/\/lavozdesanesteban.cl\/index.php\/wp-json\/wp\/v2\/posts\/4566\/revisions\/4568"}],"wp:featuredmedia":[{"embeddable":true,"href":"https:\/\/lavozdesanesteban.cl\/index.php\/wp-json\/wp\/v2\/media\/4567"}],"wp:attachment":[{"href":"https:\/\/lavozdesanesteban.cl\/index.php\/wp-json\/wp\/v2\/media?parent=4566"}],"wp:term":[{"taxonomy":"category","embeddable":true,"href":"https:\/\/lavozdesanesteban.cl\/index.php\/wp-json\/wp\/v2\/categories?post=4566"},{"taxonomy":"post_tag","embeddable":true,"href":"https:\/\/lavozdesanesteban.cl\/index.php\/wp-json\/wp\/v2\/tags?post=4566"}],"curies":[{"name":"wp","href":"https:\/\/api.w.org\/{rel}","templated":true}]}}