{"id":4570,"date":"2025-01-09T02:25:50","date_gmt":"2025-01-09T02:25:50","guid":{"rendered":"https:\/\/lavozdesanesteban.cl\/?p=4570"},"modified":"2025-01-09T02:25:52","modified_gmt":"2025-01-09T02:25:52","slug":"descentralizacion-petorca-y-san-esteban-lideran-en-porcentaje-de-adjudicaciones-del-subsidio-electrico","status":"publish","type":"post","link":"https:\/\/lavozdesanesteban.cl\/index.php\/2025\/01\/09\/descentralizacion-petorca-y-san-esteban-lideran-en-porcentaje-de-adjudicaciones-del-subsidio-electrico\/","title":{"rendered":"Descentralizaci\u00f3n: Petorca y San Esteban lideran en porcentaje de adjudicaciones del Subsidio El\u00e9ctrico"},"content":{"rendered":"\n<p><\/p>\n\n\n\n<p>La Secretar\u00eda Regional Ministerial de Energ\u00eda de la Regi\u00f3n de Valpara\u00edso, en conjunto con la Secretar\u00eda Regional Ministerial de Gobierno, est\u00e1n difundiendo los resultados del Subsidio El\u00e9ctrico correspondiente al segundo semestre de 2024. Este beneficio alcanzar\u00e1 a un total de 186.876 hogares en la regi\u00f3n, con el objetivo de aliviar los gastos en energ\u00eda el\u00e9ctrica de las familias m\u00e1s vulnerables y contribuir a mejorar su calidad de vida.<\/p>\n\n\n\n<p><strong>Resultados por Provincia<\/strong><\/p>\n\n\n\n<p><strong>Provincia de Valpara\u00edso:<\/strong> 62.998 hogares beneficiados, con comunas destacadas como Vi\u00f1a del Mar (24.862 hogares, 33%) y Valpara\u00edso (26.973 hogares, 31%).<\/p>\n\n\n\n<p><strong>Provincia de Marga Marga:<\/strong> 37.591 hogares beneficiados, liderada por Quilpu\u00e9 (15.327 hogares, 38%) y Villa Alemana (14.089 hogares, 46%), ambas con una alta tasa de adjudicaci\u00f3n.<\/p>\n\n\n\n<p><strong>Provincia de Quillota:<\/strong> 24.671 hogares beneficiados, con Quillota como la comuna m\u00e1s destacada (10.781 hogares, 40%).<\/p>\n\n\n\n<p><strong>Provincia de San Antonio:<\/strong> 20.999 hogares beneficiados, donde San Antonio lidera con 10.179 hogares beneficiados (41%).<\/p>\n\n\n\n<p><strong>Provincia de Petorca:<\/strong> 11.152 hogares beneficiados, destacando Petorca con el mayor porcentaje de adjudicaci\u00f3n de la regi\u00f3n (49%).<\/p>\n\n\n\n<p><strong>Provincia de Los Andes:<\/strong> 10.851 hogares beneficiados, con San Esteban (46%) y Los Andes (43%) entre las comunas m\u00e1s beneficiadas.<\/p>\n\n\n\n<p><strong>Provincia de San Felipe de Aconcagua:<\/strong> 19.072 hogares beneficiados, con Catemu (45%) y Santa Mar\u00eda (43%) destacando en la adjudicaci\u00f3n.<\/p>\n\n\n\n<p>El Seremi (s) de Energ\u00eda, Jaime Rojas, destac\u00f3 los resultados de esta convocatoria: \u201c<strong>Estamos satisfechos con el impacto que ha tenido el Subsidio El\u00e9ctrico en la Regi\u00f3n de Valpara\u00edso. Logramos beneficiar a m\u00e1s del 93% de los postulantes, con un total de 186.876 hogares adjudicados. Este apoyo no solo alivia los gastos en energ\u00eda, sino que tambi\u00e9n mejora la calidad de vida de miles de familias, especialmente aquellas lideradas por mujeres o con adultos mayores y ni\u00f1os a su cuidado.\u201d<\/strong><\/p>\n\n\n\n<p>Por su parte, la seremi de Gobierno Mar\u00eda Fernanda Moraga enfatiz\u00f3: \u201c<strong>Comunas como Petorca, San Esteban y Villa Alemana han mostrado porcentajes destacados de adjudicaci\u00f3n, lo que refleja que los esfuerzos para descentralizar este beneficio est\u00e1n dando frutos. Sin embargo, seguimos trabajando para que m\u00e1s personas accedan al subsidio en futuras convocatorias<\/strong>.\u201d<\/p>\n\n\n\n<p>Las autoridades tambi\u00e9n hicieron un llamado a quienes no resultaron beneficiados en esta convocatoria: \u201c<strong>Queremos recordar que desde el 2 al 13 de enero est\u00e1 abierto el plazo de reposici\u00f3n para corregir errores en las postulaciones. Invitamos a quienes no recibieron el beneficio a revisar sus datos y aprovechar esta oportunidad<\/strong>.\u201d<\/p>\n\n\n\n<p>Finalmente, Rojas se\u00f1al\u00f3 el compromiso con los pacientes electrodependientes: \u201c<strong>Aunque logramos beneficiar a 227 hogares con pacientes electrodependientes, seguiremos trabajando para que m\u00e1s familias en esta situaci\u00f3n se inscriban y accedan a este subsidio esencial.<\/strong>\u201d<\/p>\n\n\n\n<p>Los participantes de este proceso podr\u00e1n conocer los resultados ingresando al sitio web <a href=\"http:\/\/www.subsidioelectrico.cl\/\">www.subsidioelectrico.cl<\/a> con su ClaveUnica. Adem\u00e1s, la informaci\u00f3n estar\u00e1 disponible en los canales de atenci\u00f3n presencial y telef\u00f3nica de ChileAtiende a lo largo del pa\u00eds.<\/p>\n\n\n\n<p>&nbsp;\u00bfC\u00f3mo realizar una apelaci\u00f3n para recibir el beneficio?<\/p>\n\n\n\n<p>En el caso de los usuarios que hayan postulado y&nbsp; no fueron seleccionados podr\u00e1n apelar al resultado del Subsidio El\u00e9ctrico desde este jueves 9 al 13 de enero ingresando a la <a href=\"https:\/\/www.sec.cl\/sitioweb\/chat-subsidio\/chat-subsidio-electrico.html\">plataforma<\/a> dispuesta por el Ministerio de Energ\u00eda&nbsp; <a href=\"https:\/\/www.sec.cl\/sitioweb\/chat-subsidio\/chat-subsidio-electrico.html\">https:\/\/www.sec.cl\/sitioweb\/chat-subsidio\/chat-subsidio-electrico.html<\/a><\/p>\n","protected":false},"excerpt":{"rendered":"<p>La Secretar\u00eda Regional Ministerial de Energ\u00eda de la Regi\u00f3n de Valpara\u00edso, en conjunto con la Secretar\u00eda Regional Ministerial de Gobierno, est\u00e1n difundiendo los resultados del Subsidio El\u00e9ctrico correspondiente al segundo semestre de 2024. Este beneficio alcanzar\u00e1 a un total de 186.876 hogares en la regi\u00f3n, con el objetivo de aliviar los gastos en energ\u00eda el\u00e9ctrica &hellip;<\/p>\n","protected":false},"author":2,"featured_media":4571,"comment_status":"open","ping_status":"open","sticky":false,"template":"","format":"standard","meta":{"spay_email":""},"categories":[2],"tags":[8],"jetpack_featured_media_url":"https:\/\/lavozdesanesteban.cl\/wp-content\/uploads\/2025\/01\/BOLETA-CUENTA-LUZ-JC_20210830-_4.jpg","_links":{"self":[{"href":"https:\/\/lavozdesanesteban.cl\/index.php\/wp-json\/wp\/v2\/posts\/4570"}],"collection":[{"href":"https:\/\/lavozdesanesteban.cl\/index.php\/wp-json\/wp\/v2\/posts"}],"about":[{"href":"https:\/\/lavozdesanesteban.cl\/index.php\/wp-json\/wp\/v2\/types\/post"}],"author":[{"embeddable":true,"href":"https:\/\/lavozdesanesteban.cl\/index.php\/wp-json\/wp\/v2\/users\/2"}],"replies":[{"embeddable":true,"href":"https:\/\/lavozdesanesteban.cl\/index.php\/wp-json\/wp\/v2\/comments?post=4570"}],"version-history":[{"count":1,"href":"https:\/\/lavozdesanesteban.cl\/index.php\/wp-json\/wp\/v2\/posts\/4570\/revisions"}],"predecessor-version":[{"id":4572,"href":"https:\/\/lavozdesanesteban.cl\/index.php\/wp-json\/wp\/v2\/posts\/4570\/revisions\/4572"}],"wp:featuredmedia":[{"embeddable":true,"href":"https:\/\/lavozdesanesteban.cl\/index.php\/wp-json\/wp\/v2\/media\/4571"}],"wp:attachment":[{"href":"https:\/\/lavozdesanesteban.cl\/index.php\/wp-json\/wp\/v2\/media?parent=4570"}],"wp:term":[{"taxonomy":"category","embeddable":true,"href":"https:\/\/lavozdesanesteban.cl\/index.php\/wp-json\/wp\/v2\/categories?post=4570"},{"taxonomy":"post_tag","embeddable":true,"href":"https:\/\/lavozdesanesteban.cl\/index.php\/wp-json\/wp\/v2\/tags?post=4570"}],"curies":[{"name":"wp","href":"https:\/\/api.w.org\/{rel}","templated":true}]}}