{"id":4573,"date":"2025-01-09T02:31:24","date_gmt":"2025-01-09T02:31:24","guid":{"rendered":"https:\/\/lavozdesanesteban.cl\/?p=4573"},"modified":"2025-01-09T02:31:25","modified_gmt":"2025-01-09T02:31:25","slug":"cesfam-san-esteban-entrega-recomendaciones-para-el-cuidado-dental-infantil-en-periodo-de-vacaciones-de-verano","status":"publish","type":"post","link":"https:\/\/lavozdesanesteban.cl\/index.php\/2025\/01\/09\/cesfam-san-esteban-entrega-recomendaciones-para-el-cuidado-dental-infantil-en-periodo-de-vacaciones-de-verano\/","title":{"rendered":"Cesfam San Esteban entrega recomendaciones para el cuidado dental infantil en per\u00edodo de vacaciones de verano"},"content":{"rendered":"\n<p><\/p>\n\n\n\n<ul><li>Especialistas llaman a mantener los h\u00e1bitos de higiene bucal, evitar alimentos azucarados y priorizar el consumo de agua para prevenir caries en los ni\u00f1os y ni\u00f1as.<\/li><\/ul>\n\n\n\n<p>Con el inicio de las vacaciones de verano, los equipos de Cesfam de San Esteban intensificaron sus llamados a las familias a mantener los cuidados en diversos aspectos. Una de ellas, es la salud bucal infantil. Sobre todo en un periodo en el que el aumento del tiempo libre puede llevar a descuidos en la higiene y a un mayor consumo de alimentos propensos a generar caries, como los dulces y procesados.&nbsp;<\/p>\n\n\n\n<p>En ese sentido, la odont\u00f3loga Francisca S\u00e1nchez destac\u00f3 la importancia de no relajar los h\u00e1bitos de cepillado durante esta temporada. \u201cQueremos recordar que en verano los ni\u00f1os deben cepillarse sus dientes tal como lo hacen el resto del a\u00f1o. Por lo tanto, es importante recalcar que los cepillados deben ser m\u00ednimo tres veces al d\u00eda. Todos los cepillados son importantes, pero el que no puede faltar nunca es el de la noche\u201d, afirm\u00f3 la profesional, enfatizando la relevancia de mantener una rutina constante.&nbsp;<\/p>\n\n\n\n<p>En relaci\u00f3n a la alimentaci\u00f3n, S\u00e1nchez agreg\u00f3 que es fundamental optar por alternativas saludables y naturales, especialmente durante el verano, cuando los alimentos procesados y azucarados suelen estar m\u00e1s presentes. \u201cDebemos evitar durante el periodo de vacaciones, y ojal\u00e1 el resto del a\u00f1o, cualquier alimento dulce y procesado. Enfocarnos en alimentos m\u00e1s naturales como frutas y verduras de la estaci\u00f3n\u201d, explic\u00f3.&nbsp;<\/p>\n\n\n\n<p>La especialista tambi\u00e9n destac\u00f3 la importancia de la hidrataci\u00f3n, recomendando el consumo de agua en lugar de bebidas azucaradas. \u201cEs esencial consumir principalmente agua, ya sea de la llave, mineral o embotellada, evitando jugos con az\u00facar, a no ser que sean naturales, y bebidas de fantas\u00eda\u201d, se\u00f1al\u00f3.&nbsp;<\/p>\n\n\n\n<p>Para facilitar el acceso a la atenci\u00f3n dental durante esta temporada, el Cesfam de San Esteban recuerda que cuenta con diversos dispositivos de atenci\u00f3n distribuidos en la comuna, entre ellos la posta de R\u00edo Colorado, el Cecosf de Lo Calvo, la posta de Campos de Ahumada y la Unidad Dental M\u00f3vil.<\/p>\n","protected":false},"excerpt":{"rendered":"<p>Especialistas llaman a mantener los h\u00e1bitos de higiene bucal, evitar alimentos azucarados y priorizar el consumo de agua para prevenir caries en los ni\u00f1os y ni\u00f1as. Con el inicio de las vacaciones de verano, los equipos de Cesfam de San Esteban intensificaron sus llamados a las familias a mantener los cuidados en diversos aspectos. Una &hellip;<\/p>\n","protected":false},"author":2,"featured_media":4574,"comment_status":"open","ping_status":"open","sticky":false,"template":"","format":"standard","meta":{"spay_email":""},"categories":[5],"tags":[8],"jetpack_featured_media_url":"https:\/\/lavozdesanesteban.cl\/wp-content\/uploads\/2025\/01\/Cuidados-Dentales-2.jpeg","_links":{"self":[{"href":"https:\/\/lavozdesanesteban.cl\/index.php\/wp-json\/wp\/v2\/posts\/4573"}],"collection":[{"href":"https:\/\/lavozdesanesteban.cl\/index.php\/wp-json\/wp\/v2\/posts"}],"about":[{"href":"https:\/\/lavozdesanesteban.cl\/index.php\/wp-json\/wp\/v2\/types\/post"}],"author":[{"embeddable":true,"href":"https:\/\/lavozdesanesteban.cl\/index.php\/wp-json\/wp\/v2\/users\/2"}],"replies":[{"embeddable":true,"href":"https:\/\/lavozdesanesteban.cl\/index.php\/wp-json\/wp\/v2\/comments?post=4573"}],"version-history":[{"count":1,"href":"https:\/\/lavozdesanesteban.cl\/index.php\/wp-json\/wp\/v2\/posts\/4573\/revisions"}],"predecessor-version":[{"id":4575,"href":"https:\/\/lavozdesanesteban.cl\/index.php\/wp-json\/wp\/v2\/posts\/4573\/revisions\/4575"}],"wp:featuredmedia":[{"embeddable":true,"href":"https:\/\/lavozdesanesteban.cl\/index.php\/wp-json\/wp\/v2\/media\/4574"}],"wp:attachment":[{"href":"https:\/\/lavozdesanesteban.cl\/index.php\/wp-json\/wp\/v2\/media?parent=4573"}],"wp:term":[{"taxonomy":"category","embeddable":true,"href":"https:\/\/lavozdesanesteban.cl\/index.php\/wp-json\/wp\/v2\/categories?post=4573"},{"taxonomy":"post_tag","embeddable":true,"href":"https:\/\/lavozdesanesteban.cl\/index.php\/wp-json\/wp\/v2\/tags?post=4573"}],"curies":[{"name":"wp","href":"https:\/\/api.w.org\/{rel}","templated":true}]}}